{"id":78302,"date":"2021-03-25T12:40:41","date_gmt":"2021-03-25T11:40:41","guid":{"rendered":"https:\/\/www.fisifvg.org\/?p=78302"},"modified":"2021-03-25T12:40:41","modified_gmt":"2021-03-25T11:40:41","slug":"mara-martini-sempre-piu-scatenata-e-seconda-nella-coppa-del-mondo-di-ski-alp","status":"publish","type":"post","link":"https:\/\/comitati.fisi.org\/friuli-venezia-giulia\/blog\/2021\/03\/25\/mara-martini-sempre-piu-scatenata-e-seconda-nella-coppa-del-mondo-di-ski-alp\/","title":{"rendered":"Mara Martini sempre pi\u00f9 scatenata, \u00e8 seconda nella Coppa del Mondo di ski alp!"},"content":{"rendered":"<p>Mara Martini non si ferma pi\u00f9 in questa sua splendida stagione, che l&#8217;ha vista conquistare tre medaglie ai Mondiali e non solo.<\/p>\n<p>La clautana del Bachmann \u00e8 giunta seconda oggi nella sprint di Coppa del Mondo inserita nell&#8217;ambito della Ski alp race Dolomiti di Brenta di Madonna di Campiglio.<\/p>\n<p>Seconda in qualificazione, miglior tempo nei quarti e terza nella sua semifinale, Mara \u00e8 stata battuta in finale solo in volata da Marianna Jagercikova, chiudendo seconda a 126 millesimi dalla slovacca e ottenendo cos\u00ec il suo primo podio in carriera in Coppa del Mondo (<em><strong>in copertina la premiazione).<\/strong><\/em><\/p>\n<p>Ma non \u00e8 tutto, perch\u00e8 grazie a questo risultato Mara sale sul podio finale di specialit\u00e0, preceduta solo dalla svizzera Fatton e dalla spagnola Garcia Farres, mentre nella graduatoria Overall, a due gare dal termine, \u00e8 quinta, la migliore delle italiane.<\/p>\n<p>Alla scatenata Mara vanno le congratulazioni del presidente della FISI FVG Maurizio Dunnhofer, del Consiglio Direttivo e di tutto il mondo dello sci regionale.<\/p>\n<p>L&#8217;ultima tappa della Coppa del Mondo proseguir\u00e0 venerd\u00ec con la vertical, mentre la conclusione domenica verr\u00e0 affidata all&#8217;individuale.<\/p>\n<p><a href=\"http:\/\/www.ismf-ski.org\/webpages\/competitions\/calendar\/?q=&amp;page=ListRacesAction&amp;type=view&amp;id_parent=254&amp;id_parent_parent=?q=&amp;page=ListRaceRankingsAction&amp;type=view&amp;id_parent=666&amp;id_parent2=&amp;id_parent_parent=254\">CLASSIFICHE<\/a><\/p>\n<p style=\"text-align: center\"><strong>FOTOGALLERY<br \/>\n<\/strong><strong>(di Maurizio Torri e Thomas Lattuada)<br \/>\n<\/strong><\/p>\n<div id='gallery-1' class='gallery galleryid-78302 gallery-columns-1 gallery-size-large'><dl class='gallery-item'>\n\t\t\t<dt class='gallery-icon landscape'>\n\t\t\t\t<a href='https:\/\/comitati.fisi.org\/friuli-venezia-giulia\/blog\/2021\/03\/25\/mara-martini-sempre-piu-scatenata-e-seconda-nella-coppa-del-mondo-di-ski-alp\/22221-copia\/'><img loading=\"lazy\" decoding=\"async\" width=\"1024\" height=\"683\" src=\"https:\/\/comitati.fisi.org\/friuli-venezia-giulia\/wp-content\/uploads\/sites\/34\/2021\/03\/22221-Copia-1024x683.jpg\" class=\"attachment-large size-large\" alt=\"\" srcset=\"https:\/\/comitati.fisi.org\/friuli-venezia-giulia\/wp-content\/uploads\/sites\/34\/2021\/03\/22221-Copia-1024x683.jpg 1024w, https:\/\/comitati.fisi.org\/friuli-venezia-giulia\/wp-content\/uploads\/sites\/34\/2021\/03\/22221-Copia-300x200.jpg 300w, https:\/\/comitati.fisi.org\/friuli-venezia-giulia\/wp-content\/uploads\/sites\/34\/2021\/03\/22221-Copia-768x512.jpg 768w, https:\/\/comitati.fisi.org\/friuli-venezia-giulia\/wp-content\/uploads\/sites\/34\/2021\/03\/22221-Copia-1536x1025.jpg 1536w, https:\/\/comitati.fisi.org\/friuli-venezia-giulia\/wp-content\/uploads\/sites\/34\/2021\/03\/22221-Copia.jpg 1800w\" sizes=\"(max-width: 1024px) 100vw, 1024px\" \/><\/a>\n\t\t\t<\/dt><\/dl><dl class='gallery-item'>\n\t\t\t<dt class='gallery-icon landscape'>\n\t\t\t\t<a href='https:\/\/comitati.fisi.org\/friuli-venezia-giulia\/blog\/2021\/03\/25\/mara-martini-sempre-piu-scatenata-e-seconda-nella-coppa-del-mondo-di-ski-alp\/22212-copia\/'><img loading=\"lazy\" decoding=\"async\" width=\"1024\" height=\"683\" src=\"https:\/\/comitati.fisi.org\/friuli-venezia-giulia\/wp-content\/uploads\/sites\/34\/2021\/03\/22212-Copia-1024x683.jpg\" class=\"attachment-large size-large\" alt=\"\" srcset=\"https:\/\/comitati.fisi.org\/friuli-venezia-giulia\/wp-content\/uploads\/sites\/34\/2021\/03\/22212-Copia-1024x683.jpg 1024w, https:\/\/comitati.fisi.org\/friuli-venezia-giulia\/wp-content\/uploads\/sites\/34\/2021\/03\/22212-Copia-300x200.jpg 300w, https:\/\/comitati.fisi.org\/friuli-venezia-giulia\/wp-content\/uploads\/sites\/34\/2021\/03\/22212-Copia-768x512.jpg 768w, https:\/\/comitati.fisi.org\/friuli-venezia-giulia\/wp-content\/uploads\/sites\/34\/2021\/03\/22212-Copia-1536x1024.jpg 1536w, https:\/\/comitati.fisi.org\/friuli-venezia-giulia\/wp-content\/uploads\/sites\/34\/2021\/03\/22212-Copia.jpg 1800w\" sizes=\"(max-width: 1024px) 100vw, 1024px\" \/><\/a>\n\t\t\t<\/dt><\/dl><dl class='gallery-item'>\n\t\t\t<dt class='gallery-icon landscape'>\n\t\t\t\t<a href='https:\/\/comitati.fisi.org\/friuli-venezia-giulia\/blog\/2021\/03\/25\/mara-martini-sempre-piu-scatenata-e-seconda-nella-coppa-del-mondo-di-ski-alp\/attachment\/22216\/'><img loading=\"lazy\" decoding=\"async\" width=\"1024\" height=\"683\" src=\"https:\/\/comitati.fisi.org\/friuli-venezia-giulia\/wp-content\/uploads\/sites\/34\/2021\/03\/22216-1024x683.jpg\" class=\"attachment-large size-large\" alt=\"\" srcset=\"https:\/\/comitati.fisi.org\/friuli-venezia-giulia\/wp-content\/uploads\/sites\/34\/2021\/03\/22216-1024x683.jpg 1024w, https:\/\/comitati.fisi.org\/friuli-venezia-giulia\/wp-content\/uploads\/sites\/34\/2021\/03\/22216-300x200.jpg 300w, https:\/\/comitati.fisi.org\/friuli-venezia-giulia\/wp-content\/uploads\/sites\/34\/2021\/03\/22216-768x512.jpg 768w, https:\/\/comitati.fisi.org\/friuli-venezia-giulia\/wp-content\/uploads\/sites\/34\/2021\/03\/22216-1536x1025.jpg 1536w, https:\/\/comitati.fisi.org\/friuli-venezia-giulia\/wp-content\/uploads\/sites\/34\/2021\/03\/22216.jpg 1800w\" sizes=\"(max-width: 1024px) 100vw, 1024px\" \/><\/a>\n\t\t\t<\/dt><\/dl><dl class='gallery-item'>\n\t\t\t<dt class='gallery-icon landscape'>\n\t\t\t\t<a href='https:\/\/comitati.fisi.org\/friuli-venezia-giulia\/blog\/2021\/03\/25\/mara-martini-sempre-piu-scatenata-e-seconda-nella-coppa-del-mondo-di-ski-alp\/sci-alpinismo-2021-mara-martini-copia\/'><img loading=\"lazy\" decoding=\"async\" width=\"1024\" height=\"683\" src=\"https:\/\/comitati.fisi.org\/friuli-venezia-giulia\/wp-content\/uploads\/sites\/34\/2021\/03\/SCI-ALPINISMO-2021-Mara-Martini-Copia-1024x683.jpg\" class=\"attachment-large size-large\" alt=\"\" srcset=\"https:\/\/comitati.fisi.org\/friuli-venezia-giulia\/wp-content\/uploads\/sites\/34\/2021\/03\/SCI-ALPINISMO-2021-Mara-Martini-Copia-1024x683.jpg 1024w, https:\/\/comitati.fisi.org\/friuli-venezia-giulia\/wp-content\/uploads\/sites\/34\/2021\/03\/SCI-ALPINISMO-2021-Mara-Martini-Copia-300x200.jpg 300w, https:\/\/comitati.fisi.org\/friuli-venezia-giulia\/wp-content\/uploads\/sites\/34\/2021\/03\/SCI-ALPINISMO-2021-Mara-Martini-Copia-768x512.jpg 768w, https:\/\/comitati.fisi.org\/friuli-venezia-giulia\/wp-content\/uploads\/sites\/34\/2021\/03\/SCI-ALPINISMO-2021-Mara-Martini-Copia-1536x1025.jpg 1536w, https:\/\/comitati.fisi.org\/friuli-venezia-giulia\/wp-content\/uploads\/sites\/34\/2021\/03\/SCI-ALPINISMO-2021-Mara-Martini-Copia.jpg 1800w\" sizes=\"(max-width: 1024px) 100vw, 1024px\" \/><\/a>\n\t\t\t<\/dt><\/dl><dl class='gallery-item'>\n\t\t\t<dt class='gallery-icon landscape'>\n\t\t\t\t<a href='https:\/\/comitati.fisi.org\/friuli-venezia-giulia\/blog\/2021\/03\/25\/mara-martini-sempre-piu-scatenata-e-seconda-nella-coppa-del-mondo-di-ski-alp\/22219-2\/'><img loading=\"lazy\" decoding=\"async\" width=\"1024\" height=\"683\" src=\"https:\/\/comitati.fisi.org\/friuli-venezia-giulia\/wp-content\/uploads\/sites\/34\/2021\/03\/22219-1-1024x683.jpg\" class=\"attachment-large size-large\" alt=\"\" srcset=\"https:\/\/comitati.fisi.org\/friuli-venezia-giulia\/wp-content\/uploads\/sites\/34\/2021\/03\/22219-1-1024x683.jpg 1024w, https:\/\/comitati.fisi.org\/friuli-venezia-giulia\/wp-content\/uploads\/sites\/34\/2021\/03\/22219-1-300x200.jpg 300w, https:\/\/comitati.fisi.org\/friuli-venezia-giulia\/wp-content\/uploads\/sites\/34\/2021\/03\/22219-1-768x512.jpg 768w, https:\/\/comitati.fisi.org\/friuli-venezia-giulia\/wp-content\/uploads\/sites\/34\/2021\/03\/22219-1-1536x1025.jpg 1536w, https:\/\/comitati.fisi.org\/friuli-venezia-giulia\/wp-content\/uploads\/sites\/34\/2021\/03\/22219-1.jpg 1800w\" sizes=\"(max-width: 1024px) 100vw, 1024px\" \/><\/a>\n\t\t\t<\/dt><\/dl>\n\t\t<\/div>\n\n<p style=\"text-align: center\"><strong>\u00a0<\/strong><\/p>\n<p>https:\/\/www.facebook.com\/ismf.ski\/videos\/3742804812433278<\/p>\n<p>&nbsp;<\/p>\n<p><span style=\"color: #ff0000\"><strong>MEDAGLIE CAMPIONATI MONDIALI 2020-2021 ATLETI FVG<\/strong><\/span><\/p>\n<p><span style=\"color: #ff9900\"><strong>ORO<br \/>\n<\/strong><\/span><span style=\"color: #000000\"><strong>-MARA MARTINI\u00a0 Sci Alpinismo\u00a0 Staffetta\u00a0 (La Massana-AND, 3-3-2021)<\/strong><\/span><\/p>\n<p><strong><span style=\"color: #808080\">ARGENTO<br \/>\n<\/span><\/strong><span style=\"color: #808080\"><span style=\"color: #000000\"><strong>-MARA MARTINI\u00a0 Sci Alpinismo\u00a0 Staffetta a coppie\u00a0 (Ar\u00eaches Beaufort-FRA, 12-3-2021)<\/strong><br \/>\n-FABIO PILLER COTTRER\u00a0 Biathlon\u00a0 Sprint\u00a0 Giovani (Obertilliach-AUT, 1-3-2021)<\/span><\/span><strong><span style=\"color: #808080\"><br \/>\n<\/span><\/strong><\/p>\n<p><strong><span style=\"color: #993366\">BRONZO<br \/>\n<\/span><\/strong><span style=\"color: #000000\"><strong>-MARA MARTINI\u00a0 Sci Alpinismo\u00a0 Sprint\u00a0 (La Massana-AND, 2-3-2021)<br \/>\n<\/strong>-FABIO PILLER COTTRER\u00a0 Biathlon\u00a0 Staffetta\u00a0 Giovani\u00a0 (Obertilliach-AUT, 5-3.2021)<br \/>\n-SARA SCATTOLO\u00a0 Biathlon\u00a0 Staffetta\u00a0 Giovani\u00a0 (Obertilliach-AUT, 5-3-2021)<br \/>\n-LUCA SCLISIZZO Fondo\u00a0 Staffetta\u00a0 Juniores (Vuokatti-FIN, 12-2-2021)<\/span><\/p>\n<p><span style=\"color: #ff0000\"><strong>PODI COPPA DEL MONDO ATLETI FVG<\/strong><\/span><\/p>\n<p><strong><span style=\"color: #808080\">SECONDO POSTO<br \/>\n<\/span><\/strong><strong>-LISA VITTOZZI\u00a0 Biathlon\u00a0 Staffetta mista\u00a0 (Nove Mesto-CZE, 14-3-2021)<br \/>\n-MARA MARTINI\u00a0 Sci Alpinismo\u00a0 Sprint\u00a0 (Madonna di Campiglio-ITA, 26-3-2021)<\/strong><\/p>\n<p><strong><span style=\"color: #993366\">TERZO POSTO<\/span><br \/>\n<\/strong><strong>-LISA VITTOZZI\u00a0 Biathlon\u00a0 Sprint\u00a0 (Nove Mesto-CZE, 6-3-2021)<\/strong><\/p>\n<p><span style=\"color: #ff0000\"><strong>MEDAGLIE CAMPIONATI ITALIANI ASSOLUTI E GIOVANILI 2020-2021 ATLETI FVG<\/strong><\/span><\/p>\n<p><span style=\"color: #ff9900\"><strong>ORO<br \/>\n<\/strong><\/span>-SARA SCATTOLO\u00a0 Biathlon\u00a0 Inseguimento\u00a0 Giovani\/U19<br \/>\n-SQUADRA (<em>Ilaria Scattolo, Serena Del Fabbro e Astrid Pl\u00f6sch)\u00a0\u00a0<\/em>Biathlon\u00a0 Staffetta\u00a0 Aspiranti\/U17<br \/>\n-SQUADRA Fiamme Oro (<em>Sara Scattolo<\/em>)\u00a0 Biathlon\u00a0 Staffetta\u00a0 Giovani\/U19<br \/>\n-SQUADRA Cs Esercito (<em>Sara Cesco Fabbro<\/em>)\u00a0 Biathlon\u00a0 Staffetta\u00a0 Juniores<br \/>\n-LUDOVICA DEL BIANCO\u00a0 Combinata\u00a0 U14<br \/>\n-GRETA PINZANI\u00a0 Combinata\u00a0 Aspiranti\/U16<br \/>\n-SQUADRA (<em>Desiree Ribbi, Giorgia Romanin, Aurora Baron<\/em>)\u00a0 Fondo\u00a0 Allievi\/U16<br \/>\n-ANDREA GARTNER\u00a0 Fondo\u00a0 Sprint TC\u00a0 U20<br \/>\n-FRANCESCO CECON\u00a0 Salto\u00a0 Juniores<br \/>\n-CAMILLA COMAZZI\u00a0 Salto\u00a0 Aspiranti\/U16<br \/>\n-LUDOVICA DEL BIANCO\u00a0 Salto\u00a0 U14<br \/>\n-SQUADRA (<em>Greta Pinzani-Camilla Comazzi-Martino Zambenedetti<\/em>)\u00a0 Salto\u00a0 Aspiranti\/U16<\/p>\n<p><strong><span style=\"color: #808080\">ARGENTO<br \/>\n<\/span><\/strong>-ANDREA STIPCOVICH\u00a0 Alpino\u00a0 Slalom Gigante\u00a0 Ragazzi\/U14<br \/>\n-ASTRID PLOSCH\u00a0 Biathlon\u00a0 Sprint\u00a0 Aspiranti\/U17<br \/>\n-ASTRID PLOSCH\u00a0 Biathlon\u00a0 Inseguimento\u00a0 Aspiranti\/U17<br \/>\n-DESIREE RIBBI\u00a0 Biathlon\u00a0 Inseguimento\u00a0 Allieve\/U15<br \/>\n-SQUADRA (<em>Fabio Cappellari-Alex Perissutti-Cesare Lozza<\/em>)\u00a0 Biathlon\u00a0 Staffetta\u00a0 Juniores<br \/>\n-SQUADRA CS Carabinieri (<em>Fabio Piller Cottrer-Mattia Piller Hoffer<\/em>)\u00a0 Biathlon\u00a0 Staffetta\u00a0 Giovani\/U19<strong><br \/>\n-ALESSANDRO PITTIN\u00a0 Combinata\u00a0 Assoluti<br \/>\n<\/strong>-AURORA BARON\u00a0 Fondo\u00a0 Sprint TL\u00a0 Allievi\/U16<br \/>\n-FEDERICO FLORA\u00a0 Fondo\u00a0 Sprint TL\u00a0 Allievi\/U16<br \/>\n-MATILDE FERRARI\u00a0 Fondo\u00a0 4 km TL\u00a0 Ragazzi\/U14<br \/>\n-DAVIDE GRAZ\u00a0 Fondo\u00a0 Sprint TC\u00a0 U23<strong><br \/>\n<\/strong>-GABRIELE MONTELEONE\u00a0 Fondo\u00a0 Sprint TC\u00a0 U18<strong><br \/>\n-FRANCESCO CECON\u00a0 Salto\u00a0 Assoluti<br \/>\n<\/strong>-MARTINA ZANITZER\u00a0 Salto\u00a0 Aspiranti\/U16<\/p>\n<p><strong><span style=\"color: #993366\">BRONZO<br \/>\n<\/span><\/strong>-ANNA CARBONI\u00a0 Alpino\u00a0 Combinata\u00a0 Ragazzi\/U14<br \/>\n-SERENA DEL FABBRO\u00a0 Biathlon\u00a0 Inseguimento\u00a0 Aspiranti\/U17<br \/>\n-DESIREE RIBBI\u00a0 Biathlon\u00a0 Sprint\u00a0 Allieve\/U15<br \/>\n-SARA SCATTOLO\u00a0 Biathlon\u00a0 Sprint\u00a0 Giovani\/U19<br \/>\n-SQUADRA (<em>Pietro Pallober, Lorenzo Solero e Nicolas Ribbi)\u00a0 <\/em>Biathlon\u00a0 Staffetta\u00a0 Giovani\/U19<br \/>\n-SQUADRA (<em>Marco Iorio, Simone Puntel, Marco Da Pozzo<\/em>)\u00a0 Biathlon\u00a0 Staffetta\u00a0 Allievi U\/15<br \/>\n-MARTINA ZANITZER\u00a0 Combinata\u00a0 Juniores\/U20<br \/>\n-MATILDE FERRARI\u00a0 Fondo\u00a0 Gimkana Sprint TL\u00a0 U14<br \/>\n-MARIA GISMONDI\u00a0 Fondo\u00a0 7.5 km TC\u00a0 U18<br \/>\n-GIORGIA ROMANIN\u00a0 Fondo\u00a0 5 km TC\u00a0 Allieve\/U16<br \/>\n-GIORGIA ROMANIN\u00a0 Fondo\u00a0 Sprint TL\u00a0 Allieve U\/16<br \/>\n-LUCA SCLISIZZO\u00a0 Fondo\u00a0 10 km TC\u00a0 U20<br \/>\n-LUCA SCLISIZZO\u00a0 Fondo\u00a0 10 km TL\u00a0 U20<br \/>\n-CAMILLA COMAZZI\u00a0 Salto\u00a0 Juniores<br \/>\n-ERIKA PINZANI\u00a0 Salto\u00a0 U14<br \/>\n-MARTINO ZAMBENEDETTI\u00a0 Salto\u00a0 Aspiranti\/U16<\/p>\n<p><em><strong>(in neretto i podi assoluti)<\/strong><\/em><\/p>\n<p>&nbsp;<\/p>\n","protected":false},"excerpt":{"rendered":"<p>La clautana del Bachmann battuta solo in volata nella sprint di Madonna di Campiglio<\/p>\n","protected":false},"author":4,"featured_media":78309,"comment_status":"closed","ping_status":"closed","sticky":false,"template":"","format":"standard","meta":{"_acf_changed":false,"footnotes":""},"categories":[19],"tags":[],"acf":[],"_links":{"self":[{"href":"https:\/\/comitati.fisi.org\/friuli-venezia-giulia\/wp-json\/wp\/v2\/posts\/78302"}],"collection":[{"href":"https:\/\/comitati.fisi.org\/friuli-venezia-giulia\/wp-json\/wp\/v2\/posts"}],"about":[{"href":"https:\/\/comitati.fisi.org\/friuli-venezia-giulia\/wp-json\/wp\/v2\/types\/post"}],"author":[{"embeddable":true,"href":"https:\/\/comitati.fisi.org\/friuli-venezia-giulia\/wp-json\/wp\/v2\/users\/4"}],"replies":[{"embeddable":true,"href":"https:\/\/comitati.fisi.org\/friuli-venezia-giulia\/wp-json\/wp\/v2\/comments?post=78302"}],"version-history":[{"count":0,"href":"https:\/\/comitati.fisi.org\/friuli-venezia-giulia\/wp-json\/wp\/v2\/posts\/78302\/revisions"}],"wp:featuredmedia":[{"embeddable":true,"href":"https:\/\/comitati.fisi.org\/friuli-venezia-giulia\/wp-json\/wp\/v2\/media\/78309"}],"wp:attachment":[{"href":"https:\/\/comitati.fisi.org\/friuli-venezia-giulia\/wp-json\/wp\/v2\/media?parent=78302"}],"wp:term":[{"taxonomy":"category","embeddable":true,"href":"https:\/\/comitati.fisi.org\/friuli-venezia-giulia\/wp-json\/wp\/v2\/categories?post=78302"},{"taxonomy":"post_tag","embeddable":true,"href":"https:\/\/comitati.fisi.org\/friuli-venezia-giulia\/wp-json\/wp\/v2\/tags?post=78302"}],"curies":[{"name":"wp","href":"https:\/\/api.w.org\/{rel}","templated":true}]}}