{"id":78248,"date":"2021-03-23T16:26:46","date_gmt":"2021-03-23T15:26:46","guid":{"rendered":"https:\/\/www.fisifvg.org\/?p=78248"},"modified":"2021-03-23T16:26:46","modified_gmt":"2021-03-23T15:26:46","slug":"beatrice-costato-e-arturo-severi-secondi-nel-gigante-di-pecol-di-zoldo","status":"publish","type":"post","link":"https:\/\/comitati.fisi.org\/friuli-venezia-giulia\/blog\/2021\/03\/23\/beatrice-costato-e-arturo-severi-secondi-nel-gigante-di-pecol-di-zoldo\/","title":{"rendered":"Beatrice Costato e Arturo Severi secondi nel gigante di Pecol di Zoldo"},"content":{"rendered":"<p>Doppio podio per la squadra FISI FVG nel gigante FIS di Pecol di Zoldo inserito nell&#8217;ambito dei Campionati Italiani Universitari.<br \/>\nLa gara che assegnava i titoli della specialit\u00e0 si era disputata ieri, mentre domani ci sar\u00e0 lo slalom, questo s\u00ec valido per i Tricolori.<\/p>\n<p>Nella prova femminile secondo posto per Beatrice Costato del Lussari, distante 1&#8243;29 dalla vincitrice, la canadese Arianna Forget.<\/p>\n<p>Seconda posizione per il nostro Comitato anche nella prova maschile grazie a Arturo Severi del Bachmann, preceduto di 38 centesimi dal britannico Jack Cunningham.<br \/>\nGiacomo Vidoni del Lussari, terzo ieri, ha chiuso quinto a 0&#8243;89.<\/p>\n<p><a href=\"http:\/\/comitati.fisi.org\/friuli-venezia-giulia\/wp-content\/uploads\/sites\/34\/2021\/03\/CLASSIFFICA-FEM.-23-03-GS.pdf\">CLASSIFICA FEMMINILE<\/a><br \/>\n<a href=\"http:\/\/comitati.fisi.org\/friuli-venezia-giulia\/wp-content\/uploads\/sites\/34\/2021\/03\/CLASSIFFICA-MAS.-23-03-GS.pdf\">CLASSIFICA MASCHILE<\/a><\/p>\n","protected":false},"excerpt":{"rendered":"<p>Doppio podio per la squadra FISI FVG nella prova FIS di Pecol di Zoldo, inserita nell&#8217;ambito dei Campionati Italiani Universitari<\/p>\n","protected":false},"author":4,"featured_media":78252,"comment_status":"closed","ping_status":"closed","sticky":false,"template":"","format":"standard","meta":{"_acf_changed":false,"footnotes":""},"categories":[15],"tags":[],"acf":[],"_links":{"self":[{"href":"https:\/\/comitati.fisi.org\/friuli-venezia-giulia\/wp-json\/wp\/v2\/posts\/78248"}],"collection":[{"href":"https:\/\/comitati.fisi.org\/friuli-venezia-giulia\/wp-json\/wp\/v2\/posts"}],"about":[{"href":"https:\/\/comitati.fisi.org\/friuli-venezia-giulia\/wp-json\/wp\/v2\/types\/post"}],"author":[{"embeddable":true,"href":"https:\/\/comitati.fisi.org\/friuli-venezia-giulia\/wp-json\/wp\/v2\/users\/4"}],"replies":[{"embeddable":true,"href":"https:\/\/comitati.fisi.org\/friuli-venezia-giulia\/wp-json\/wp\/v2\/comments?post=78248"}],"version-history":[{"count":0,"href":"https:\/\/comitati.fisi.org\/friuli-venezia-giulia\/wp-json\/wp\/v2\/posts\/78248\/revisions"}],"wp:featuredmedia":[{"embeddable":true,"href":"https:\/\/comitati.fisi.org\/friuli-venezia-giulia\/wp-json\/wp\/v2\/media\/78252"}],"wp:attachment":[{"href":"https:\/\/comitati.fisi.org\/friuli-venezia-giulia\/wp-json\/wp\/v2\/media?parent=78248"}],"wp:term":[{"taxonomy":"category","embeddable":true,"href":"https:\/\/comitati.fisi.org\/friuli-venezia-giulia\/wp-json\/wp\/v2\/categories?post=78248"},{"taxonomy":"post_tag","embeddable":true,"href":"https:\/\/comitati.fisi.org\/friuli-venezia-giulia\/wp-json\/wp\/v2\/tags?post=78248"}],"curies":[{"name":"wp","href":"https:\/\/api.w.org\/{rel}","templated":true}]}}