{"id":78177,"date":"2021-03-22T16:46:25","date_gmt":"2021-03-22T15:46:25","guid":{"rendered":"https:\/\/www.fisifvg.org\/?p=78177"},"modified":"2021-03-22T16:46:25","modified_gmt":"2021-03-22T15:46:25","slug":"anna-carboni-a-2-centesimi-dal-bronzo-ai-campionati-italiani-children-dello-zoncolan","status":"publish","type":"post","link":"https:\/\/comitati.fisi.org\/friuli-venezia-giulia\/blog\/2021\/03\/22\/anna-carboni-a-2-centesimi-dal-bronzo-ai-campionati-italiani-children-dello-zoncolan\/","title":{"rendered":"Anna Carboni a 2 centesimi dal bronzo ai Campionati Italiani Children dello Zoncolan"},"content":{"rendered":"<p>Solo due centesimi hanno impedito a Anna Carboni di salire sul podio nella prima giornata dei Campionati Italiani Children di sci alpino, organizzati sullo Zoncolan dallo Sci Club Monte Dauda.<\/p>\n<p>Nello slalom Ragazze l&#8217;esponente dello Sci Club 70 si \u00e8 piazzata quarta a 1&#8243;56 dalla vincitrice, la trentina Marta Giaretta, a 0&#8243;83 dall&#8217;argento dell&#8217;abruzzese Alessandra Di Sabatino e, appunto, a 0&#8243;02 dal bronzo del&#8217;altoatesina Hanna Hofer. Peccato, ma resta la gran prova della Carboni, dominatrice della categoria nel circuito regionale. Giorgia Menazzi del Lussari si \u00e8 piazzata 26a a 5&#8243;88.<\/p>\n<p>Lo slalom Ragazzi maschile \u00e8 andato al piemontese Lorenzo Cuzzup\u00e8 con 1&#8243;54 sull&#8217;altoatesino Alex Silbernagl e 1&#8243;57 sul corregionale Emanuele Paisio. Nessun FISI FVG \u00e8 entrato fra i primi 30 che hanno avuto accesso alla seconda manche.<\/p>\n<div id=\"attachment_78194\" style=\"width: 810px\" class=\"wp-caption aligncenter\"><a href=\"http:\/\/comitati.fisi.org\/friuli-venezia-giulia\/wp-content\/uploads\/sites\/34\/2021\/03\/WhatsApp-Image-2021-03-22-at-16.51.10.jpeg\"><img loading=\"lazy\" decoding=\"async\" aria-describedby=\"caption-attachment-78194\" class=\"wp-image-78194\" src=\"http:\/\/comitati.fisi.org\/friuli-venezia-giulia\/wp-content\/uploads\/sites\/34\/2021\/03\/WhatsApp-Image-2021-03-22-at-16.51.10-400x400.jpeg\" alt=\"\" width=\"800\" height=\"368\" \/><\/a><p id=\"caption-attachment-78194\" class=\"wp-caption-text\">Il podio Ragazzi maschile<\/p><\/div>\n<p>Nel gigante Allieve ancora un successo del Comitato Alpi Occientale piemontese figlia d&#8217;arte Lara Colturi (la mamma \u00e8 l&#8217;olimpionica Daniela Ceccarelli), con 0&#8243;46 sulla trentina Ludovica Righi e 1&#8243;22 sull&#8217;altoatesina Virginia Costa.<br \/>\nBrava Teresa Pascolat del 70, decima a 3&#8243;33.<\/p>\n<p>Vittoria trentina nel gigante Allievi grazie a Sebastiano Zorzi, che precede di 0&#8243;82 il valdostano Pietro Broglio e di 1&#8243;16 il piemontese Edoardo Simonelli. Una gran seconda manche (secondo tempo assoluto alle spalle di Zorzi) consente a Davide Princi dello Sci CAI Monte Lussari di risalire dal venticinquesimo all&#8217;ottavo posto a 1&#8243;67 dalla vetta.<\/p>\n<div id=\"attachment_78195\" style=\"width: 810px\" class=\"wp-caption aligncenter\"><a href=\"http:\/\/comitati.fisi.org\/friuli-venezia-giulia\/wp-content\/uploads\/sites\/34\/2021\/03\/WhatsApp-Image-2021-03-22-at-16.51.55.jpeg\"><img loading=\"lazy\" decoding=\"async\" aria-describedby=\"caption-attachment-78195\" class=\"wp-image-78195\" src=\"http:\/\/comitati.fisi.org\/friuli-venezia-giulia\/wp-content\/uploads\/sites\/34\/2021\/03\/WhatsApp-Image-2021-03-22-at-16.51.55-400x400.jpeg\" alt=\"\" width=\"800\" height=\"370\" \/><\/a><p id=\"caption-attachment-78195\" class=\"wp-caption-text\">Il podio Allievi maschile<\/p><\/div>\n<p>Marted\u00ec il programma prevede il gigante Ragazzi e le prove del superG Allievi.<\/p>\n<p>Ricordiamo che per ogni ulteriore informazione \u00e8 attivo il <a href=\"http:\/\/www.sciclubdauda.it\/campionati-italiani-children\/\">sito internet della manifestazione<\/a>.<\/p>\n<p><a href=\"http:\/\/comitati.fisi.org\/friuli-venezia-giulia\/wp-content\/uploads\/sites\/34\/2021\/03\/Classifica-FISI-RAG-1-1.pdf\">Classifiche Ragazzi<\/a><br \/>\n<a href=\"http:\/\/comitati.fisi.org\/friuli-venezia-giulia\/wp-content\/uploads\/sites\/34\/2021\/03\/Classifiche-UFF-Allievi-Gigante-22.pdf\">Classifiche Allievi<\/a><\/p>\n<p><a href=\"http:\/\/comitati.fisi.org\/friuli-venezia-giulia\/wp-content\/uploads\/sites\/34\/2021\/03\/03-Ordine-di-partenza-GS-Rag.pdf\">Start list Gigante Ragazzi<\/a><\/p>\n<p><a href=\"http:\/\/comitati.fisi.org\/friuli-venezia-giulia\/wp-content\/uploads\/sites\/34\/2021\/03\/03-Ordine-di-partenza-Prova-SG-All.pdf\">Start list Prova SuperG Allievi<\/a><\/p>\n<p><em><strong>(nella foto di copertina Anna Carboni)<\/strong><\/em><\/p>\n","protected":false},"excerpt":{"rendered":"<p>Oggi si sono disputati lo slalom Ragazzi e il gigante Allievi, maschile e femminile<\/p>\n","protected":false},"author":4,"featured_media":78187,"comment_status":"closed","ping_status":"closed","sticky":false,"template":"","format":"standard","meta":{"_acf_changed":false,"footnotes":""},"categories":[10,15],"tags":[],"acf":[],"_links":{"self":[{"href":"https:\/\/comitati.fisi.org\/friuli-venezia-giulia\/wp-json\/wp\/v2\/posts\/78177"}],"collection":[{"href":"https:\/\/comitati.fisi.org\/friuli-venezia-giulia\/wp-json\/wp\/v2\/posts"}],"about":[{"href":"https:\/\/comitati.fisi.org\/friuli-venezia-giulia\/wp-json\/wp\/v2\/types\/post"}],"author":[{"embeddable":true,"href":"https:\/\/comitati.fisi.org\/friuli-venezia-giulia\/wp-json\/wp\/v2\/users\/4"}],"replies":[{"embeddable":true,"href":"https:\/\/comitati.fisi.org\/friuli-venezia-giulia\/wp-json\/wp\/v2\/comments?post=78177"}],"version-history":[{"count":0,"href":"https:\/\/comitati.fisi.org\/friuli-venezia-giulia\/wp-json\/wp\/v2\/posts\/78177\/revisions"}],"wp:featuredmedia":[{"embeddable":true,"href":"https:\/\/comitati.fisi.org\/friuli-venezia-giulia\/wp-json\/wp\/v2\/media\/78187"}],"wp:attachment":[{"href":"https:\/\/comitati.fisi.org\/friuli-venezia-giulia\/wp-json\/wp\/v2\/media?parent=78177"}],"wp:term":[{"taxonomy":"category","embeddable":true,"href":"https:\/\/comitati.fisi.org\/friuli-venezia-giulia\/wp-json\/wp\/v2\/categories?post=78177"},{"taxonomy":"post_tag","embeddable":true,"href":"https:\/\/comitati.fisi.org\/friuli-venezia-giulia\/wp-json\/wp\/v2\/tags?post=78177"}],"curies":[{"name":"wp","href":"https:\/\/api.w.org\/{rel}","templated":true}]}}