{"id":78173,"date":"2021-03-22T12:08:58","date_gmt":"2021-03-22T11:08:58","guid":{"rendered":"https:\/\/www.fisifvg.org\/?p=78173"},"modified":"2021-03-22T12:08:58","modified_gmt":"2021-03-22T11:08:58","slug":"gran-8-posto-di-luca-taranzano-nello-slalom-gigante-dei-campionati-italiani-assoluti","status":"publish","type":"post","link":"https:\/\/comitati.fisi.org\/friuli-venezia-giulia\/blog\/2021\/03\/22\/gran-8-posto-di-luca-taranzano-nello-slalom-gigante-dei-campionati-italiani-assoluti\/","title":{"rendered":"Gran 8\u00b0 posto di Luca Taranzano nello slalom gigante dei Campionati Italiani Assoluti"},"content":{"rendered":"<p>Splendida prova per Luca Taranzano nello slalom gigante di Livigno che ha aperto la tre giorni dei Campionati Italiani Assoluti di sci alpino riservati alle discipline tecniche.<\/p>\n<p>Il 23enne dello Sci CAI Monte Lussari \u00e8 giunto ottavo a 2&#8243;08 da Hannes Zingerle, vincitore con 0&#8243;22 sul medagliato iridato di Cortina Luca De Aliprandini e 0&#8243;94 su Andrea Sorio. Sesto a 1&#8243;54 il triestino Pietro Canzio. Taranzano ha recuperato quattro posizioni rispetto a met\u00e0 gara grazie al sesto tempo nella seconda manche.<\/p>\n<p>Ma c&#8217;\u00e8 di pi\u00f9, perch\u00e9 Taranzano \u00e8 stato il migliore fra i rappresentanti di uno sci club civile ed ha ottenuto il primo posto nella graduatoria del Gran Premio Italia Senior, riservato agli sciatori non inseriti nelle squadre nazionali. Insomma, tanta roba!<\/p>\n<p><a href=\"http:\/\/live.fis-ski.com\/lv-al2295.htm#\/ranking\">CLASSIFICA<\/a><\/p>\n","protected":false},"excerpt":{"rendered":"<p>Per il lussarino anche il primo posto nella graduatoria del GP Italia Senior<\/p>\n","protected":false},"author":4,"featured_media":71860,"comment_status":"closed","ping_status":"closed","sticky":false,"template":"","format":"standard","meta":{"_acf_changed":false,"footnotes":""},"categories":[10,15],"tags":[],"acf":[],"_links":{"self":[{"href":"https:\/\/comitati.fisi.org\/friuli-venezia-giulia\/wp-json\/wp\/v2\/posts\/78173"}],"collection":[{"href":"https:\/\/comitati.fisi.org\/friuli-venezia-giulia\/wp-json\/wp\/v2\/posts"}],"about":[{"href":"https:\/\/comitati.fisi.org\/friuli-venezia-giulia\/wp-json\/wp\/v2\/types\/post"}],"author":[{"embeddable":true,"href":"https:\/\/comitati.fisi.org\/friuli-venezia-giulia\/wp-json\/wp\/v2\/users\/4"}],"replies":[{"embeddable":true,"href":"https:\/\/comitati.fisi.org\/friuli-venezia-giulia\/wp-json\/wp\/v2\/comments?post=78173"}],"version-history":[{"count":0,"href":"https:\/\/comitati.fisi.org\/friuli-venezia-giulia\/wp-json\/wp\/v2\/posts\/78173\/revisions"}],"wp:featuredmedia":[{"embeddable":true,"href":"https:\/\/comitati.fisi.org\/friuli-venezia-giulia\/wp-json\/wp\/v2\/media\/71860"}],"wp:attachment":[{"href":"https:\/\/comitati.fisi.org\/friuli-venezia-giulia\/wp-json\/wp\/v2\/media?parent=78173"}],"wp:term":[{"taxonomy":"category","embeddable":true,"href":"https:\/\/comitati.fisi.org\/friuli-venezia-giulia\/wp-json\/wp\/v2\/categories?post=78173"},{"taxonomy":"post_tag","embeddable":true,"href":"https:\/\/comitati.fisi.org\/friuli-venezia-giulia\/wp-json\/wp\/v2\/tags?post=78173"}],"curies":[{"name":"wp","href":"https:\/\/api.w.org\/{rel}","templated":true}]}}