{"id":78171,"date":"2021-03-22T09:16:51","date_gmt":"2021-03-22T08:16:51","guid":{"rendered":"https:\/\/www.fisifvg.org\/?p=78171"},"modified":"2021-03-22T09:16:51","modified_gmt":"2021-03-22T08:16:51","slug":"andrea-lepre-vince-tre-giganti-in-24-ore-nel-circuito-autodrive","status":"publish","type":"post","link":"https:\/\/comitati.fisi.org\/friuli-venezia-giulia\/blog\/2021\/03\/22\/andrea-lepre-vince-tre-giganti-in-24-ore-nel-circuito-autodrive\/","title":{"rendered":"Andrea Lepre vince tre giganti in 24 ore nel circuito Autodrive"},"content":{"rendered":"<p>Il week-end di gare a Passo Rolle ha consegnato a Andrea Lepre la coppa di gigante del circuito Autodrive Ski Cup.<\/p>\n<p>L&#8217;esponente del Cimenti Sci Carnia <em><strong>(nella foto)<\/strong> <\/em>ha infatti vinto tutti i tre giganti disputati, assicurandosi cos\u00ec in anticipo il primo posto nella classifica di specialit\u00e0, mentre quella generale \u00e8 ad un passo.<\/p>\n<p>L&#8217;ultima delle quattro gare disputate sulle nevi trentine \u00e8 stato lo slalom, chiuso da Lepre al 13\u00b0 posto. Nei primi dieci tre esponenti degli sci club FISI FVG, con Andrea Zanei del XXX Ottobre sesto, Edoardo Raffa della Fornese settimo e Enrico Pletti, ancora della Fornese, decimo.<\/p>\n","protected":false},"excerpt":{"rendered":"<p>L&#8217;esponente del Cimenti Sci Carnia si \u00e8 assicurato in anticipo il primo posto nella classifica di specialit\u00e0, mentre quella generale \u00e8 ad un passo<\/p>\n","protected":false},"author":4,"featured_media":65349,"comment_status":"closed","ping_status":"closed","sticky":false,"template":"","format":"standard","meta":{"_acf_changed":false,"footnotes":""},"categories":[10,15],"tags":[],"acf":[],"_links":{"self":[{"href":"https:\/\/comitati.fisi.org\/friuli-venezia-giulia\/wp-json\/wp\/v2\/posts\/78171"}],"collection":[{"href":"https:\/\/comitati.fisi.org\/friuli-venezia-giulia\/wp-json\/wp\/v2\/posts"}],"about":[{"href":"https:\/\/comitati.fisi.org\/friuli-venezia-giulia\/wp-json\/wp\/v2\/types\/post"}],"author":[{"embeddable":true,"href":"https:\/\/comitati.fisi.org\/friuli-venezia-giulia\/wp-json\/wp\/v2\/users\/4"}],"replies":[{"embeddable":true,"href":"https:\/\/comitati.fisi.org\/friuli-venezia-giulia\/wp-json\/wp\/v2\/comments?post=78171"}],"version-history":[{"count":0,"href":"https:\/\/comitati.fisi.org\/friuli-venezia-giulia\/wp-json\/wp\/v2\/posts\/78171\/revisions"}],"wp:featuredmedia":[{"embeddable":true,"href":"https:\/\/comitati.fisi.org\/friuli-venezia-giulia\/wp-json\/wp\/v2\/media\/65349"}],"wp:attachment":[{"href":"https:\/\/comitati.fisi.org\/friuli-venezia-giulia\/wp-json\/wp\/v2\/media?parent=78171"}],"wp:term":[{"taxonomy":"category","embeddable":true,"href":"https:\/\/comitati.fisi.org\/friuli-venezia-giulia\/wp-json\/wp\/v2\/categories?post=78171"},{"taxonomy":"post_tag","embeddable":true,"href":"https:\/\/comitati.fisi.org\/friuli-venezia-giulia\/wp-json\/wp\/v2\/tags?post=78171"}],"curies":[{"name":"wp","href":"https:\/\/api.w.org\/{rel}","templated":true}]}}