{"id":78045,"date":"2021-03-19T15:22:00","date_gmt":"2021-03-19T14:22:00","guid":{"rendered":"https:\/\/www.fisifvg.org\/?p=78045"},"modified":"2021-03-19T15:22:00","modified_gmt":"2021-03-19T14:22:00","slug":"michele-godino-al-via-dellultima-gara-della-coppa-del-mondo-20-21-di-sbx","status":"publish","type":"post","link":"https:\/\/comitati.fisi.org\/friuli-venezia-giulia\/blog\/2021\/03\/19\/michele-godino-al-via-dellultima-gara-della-coppa-del-mondo-20-21-di-sbx\/","title":{"rendered":"Michele Godino al via dell&#8217;ultima gara della Coppa del Mondo 20-21 di sbx"},"content":{"rendered":"<p>E\u2019 giunto il momento della verit\u00e0 per Michela Moioli, giunta alla sesta e ultima tappa della stagione di Coppa del mondo di snowboardcross femminile alla pari in vetta alla classifica con la ceca Eva Samkova a quota 350 punti. Sulla pista svizzera di Veysonnaz, la bergamasca dell\u2019Esercito l\u2019anno scorso si aggiudic\u00f2 il trofeo e anche in questa occasione andr\u00e0 a caccia del quarto trionfo nella generale dopo quelli del 2016, 2018 e 2020, per farlo le baster\u00e0 arrivare davanti alla ceca nella finale (sabato 20 marzo ore 14.15 con diretta tv su Eurosport) riservata solamente alle migliori sedici, in una gara che vedr\u00e0 al via anche Sofia Belingheri e Raffaella Brutto. \u201cConosco questa pista molto bene, gli organizzatori hanno apportato qualche piccola modifica nella parte conclusiva per renderla un po\u2019 pi\u00f9 uguale per tutti e ci pu\u00f2 stare. C\u2019\u00e8 una bella velocit\u00e0 nella parte iniziale, in mezzo siamo un po\u2019 pi\u00f9 in controllo. Abbiamo avuto modo di provare pi\u00f9 volte il tracciato, mi sento bene e serena, ci\u00f2 che andava fatto \u00e8 stato fatto. Cercher\u00f2 non solo di dare il meglio, ma pure di divertirmi. Sar\u00e0 una bella sfida e a me le sfide piacciono molto\u201d.<\/p>\n<p>Qualche chance di podio se la giocano in campo maschile fra i 32 finalisti anche Lorenzo Somamriva e Omar Visintin, attualmente quarto e quinto in classifica ma non lontani dalla zona podio che vede al momento l\u2019austriaco Alessandro Haemmerle con 330 punti davanti al canadese Eliot Grondin con 268 e all\u2019olandese Glenn De Bois con 227 punti, mentre Sommariva e Visintin inseguono con 226 e 196 punti. Oltre a loro saranno presenti <strong>Michele Godino <em>(nella foto)<\/em><\/strong> e Tommaso Leoni.<\/p>\n","protected":false},"excerpt":{"rendered":"<p>Appuntamento sabato 20 a Veysonnaz, in Svizzera<\/p>\n","protected":false},"author":4,"featured_media":74499,"comment_status":"closed","ping_status":"closed","sticky":false,"template":"","format":"standard","meta":{"_acf_changed":false,"footnotes":""},"categories":[18],"tags":[],"acf":[],"_links":{"self":[{"href":"https:\/\/comitati.fisi.org\/friuli-venezia-giulia\/wp-json\/wp\/v2\/posts\/78045"}],"collection":[{"href":"https:\/\/comitati.fisi.org\/friuli-venezia-giulia\/wp-json\/wp\/v2\/posts"}],"about":[{"href":"https:\/\/comitati.fisi.org\/friuli-venezia-giulia\/wp-json\/wp\/v2\/types\/post"}],"author":[{"embeddable":true,"href":"https:\/\/comitati.fisi.org\/friuli-venezia-giulia\/wp-json\/wp\/v2\/users\/4"}],"replies":[{"embeddable":true,"href":"https:\/\/comitati.fisi.org\/friuli-venezia-giulia\/wp-json\/wp\/v2\/comments?post=78045"}],"version-history":[{"count":0,"href":"https:\/\/comitati.fisi.org\/friuli-venezia-giulia\/wp-json\/wp\/v2\/posts\/78045\/revisions"}],"wp:featuredmedia":[{"embeddable":true,"href":"https:\/\/comitati.fisi.org\/friuli-venezia-giulia\/wp-json\/wp\/v2\/media\/74499"}],"wp:attachment":[{"href":"https:\/\/comitati.fisi.org\/friuli-venezia-giulia\/wp-json\/wp\/v2\/media?parent=78045"}],"wp:term":[{"taxonomy":"category","embeddable":true,"href":"https:\/\/comitati.fisi.org\/friuli-venezia-giulia\/wp-json\/wp\/v2\/categories?post=78045"},{"taxonomy":"post_tag","embeddable":true,"href":"https:\/\/comitati.fisi.org\/friuli-venezia-giulia\/wp-json\/wp\/v2\/tags?post=78045"}],"curies":[{"name":"wp","href":"https:\/\/api.w.org\/{rel}","templated":true}]}}