{"id":77996,"date":"2021-03-16T13:30:18","date_gmt":"2021-03-16T12:30:18","guid":{"rendered":"https:\/\/www.fisifvg.org\/?p=77996"},"modified":"2021-03-16T13:30:18","modified_gmt":"2021-03-16T12:30:18","slug":"i-convocati-fisi-fvg-per-i-campionati-italiani-aspiranti-di-sci-alpino","status":"publish","type":"post","link":"https:\/\/comitati.fisi.org\/friuli-venezia-giulia\/blog\/2021\/03\/16\/i-convocati-fisi-fvg-per-i-campionati-italiani-aspiranti-di-sci-alpino\/","title":{"rendered":"I convocati FISI FVG per i Campionati Italiani Aspiranti di sci alpino"},"content":{"rendered":"<p>Archiviato il Criterium Nazionale Cuccioli tenutosi nello scorso fine settimana a Cortina, il calendario nazionale dello sci alpino propone la disputa dei <strong>Campionati Italiani Aspiranti<\/strong> organizzati dallo Sci Club Aosta, che assegneranno anche punti per la classifica di categoria del Gran Premio Italia.<\/p>\n<p>A ospitare le competizioni sar\u00e0 Pila (<em><strong>nella foto<\/strong><\/em>), in Valle d&#8217;Aosta, a partire da mercoled\u00ec 17 marzo, quando si terr\u00e0 la prova di discesa femminile e maschile sulla pista Bellevue, in vista delle gare di gioved\u00ec 18 marzo. Venerd\u00ec 19 marzo sar\u00e0 volta dei giganti al mattino, seguiti nel pomeriggio dal gigante parallelo. Giornata intensa anche quella di sabato 20 marzo, con i due supergiganti e la manche di slalom che decreter\u00e0 il podio nella combinata alpina. Chiusura domenica 21 marzo con gli slalom.<\/p>\n<p>Tutti i risultati e le classifiche saranno disponibili sul sito <a href=\"http:\/\/www.pila2021.com\">www.pila2021.com<\/a> e sulla <a href=\"https:\/\/www.facebook.com\/italianiscialpino\">Pagina Facebook dedicata<\/a>.<\/p>\n<p>Al via ovviamente anche gli sciatori del <strong>Comitato FISI FVG.<\/strong> Proponiamo i nomi dei convocati, ricordanco che per il settore femminile l&#8217;allenatore referente \u00e8<strong> Max Toniut<\/strong>, per quello maschile <strong>Francesco Princi.<\/strong><\/p>\n<p><strong>SETTORE FEMMINILE<br \/>\n<\/strong>Sofia Colombo &#8211; <em>Sci Club Pordenone<\/em><br \/>\nGiulia Federicis &#8211; <em>Cimenti Sci Carnia<\/em><br \/>\nAlessandra Pezzutti &#8211; <em>Sci Club Alpe 2000<\/em><br \/>\nCaterina Sinigoi &#8211;<em> SK Devin<\/em><\/p>\n<p><strong>SETTORE MASCHILE<br \/>\n<\/strong>Alberto Benedetti &#8211;<em> Sci CAI Monte Lussari<\/em><br \/>\nDaniele Cochetti &#8211; <em>Bachmann Sport College<\/em><br \/>\nMattia Del Torre &#8211; <em>Sci CAI Monte Lussari<\/em><br \/>\nRudy Di Lena &#8211; <em>Sci Club Monte Dauda<\/em><br \/>\nSebastiano Maddalena &#8211; <em>Sci CAI Monte Lussari<\/em><br \/>\nAlex Ostolidi &#8211;<em> Sci CAI Monte Lussari<\/em><br \/>\nPaolo Ramicone &#8211; <em>Bachmann Sport College<\/em><br \/>\nArturo Severi &#8211; <em>Bachmann Sport College<\/em><strong><\/p>\n<p><\/strong><\/p>\n","protected":false},"excerpt":{"rendered":"<p>Appuntamento a Pila, in Valle d&#8217;Aosta, dal 17 al 21 marzo<\/p>\n","protected":false},"author":4,"featured_media":78002,"comment_status":"closed","ping_status":"closed","sticky":false,"template":"","format":"standard","meta":{"_acf_changed":false,"footnotes":""},"categories":[10,15],"tags":[],"acf":[],"_links":{"self":[{"href":"https:\/\/comitati.fisi.org\/friuli-venezia-giulia\/wp-json\/wp\/v2\/posts\/77996"}],"collection":[{"href":"https:\/\/comitati.fisi.org\/friuli-venezia-giulia\/wp-json\/wp\/v2\/posts"}],"about":[{"href":"https:\/\/comitati.fisi.org\/friuli-venezia-giulia\/wp-json\/wp\/v2\/types\/post"}],"author":[{"embeddable":true,"href":"https:\/\/comitati.fisi.org\/friuli-venezia-giulia\/wp-json\/wp\/v2\/users\/4"}],"replies":[{"embeddable":true,"href":"https:\/\/comitati.fisi.org\/friuli-venezia-giulia\/wp-json\/wp\/v2\/comments?post=77996"}],"version-history":[{"count":0,"href":"https:\/\/comitati.fisi.org\/friuli-venezia-giulia\/wp-json\/wp\/v2\/posts\/77996\/revisions"}],"wp:featuredmedia":[{"embeddable":true,"href":"https:\/\/comitati.fisi.org\/friuli-venezia-giulia\/wp-json\/wp\/v2\/media\/78002"}],"wp:attachment":[{"href":"https:\/\/comitati.fisi.org\/friuli-venezia-giulia\/wp-json\/wp\/v2\/media?parent=77996"}],"wp:term":[{"taxonomy":"category","embeddable":true,"href":"https:\/\/comitati.fisi.org\/friuli-venezia-giulia\/wp-json\/wp\/v2\/categories?post=77996"},{"taxonomy":"post_tag","embeddable":true,"href":"https:\/\/comitati.fisi.org\/friuli-venezia-giulia\/wp-json\/wp\/v2\/tags?post=77996"}],"curies":[{"name":"wp","href":"https:\/\/api.w.org\/{rel}","templated":true}]}}