{"id":77522,"date":"2021-03-11T10:48:38","date_gmt":"2021-03-11T09:48:38","guid":{"rendered":"https:\/\/www.fisifvg.org\/?p=77522"},"modified":"2021-03-11T10:48:38","modified_gmt":"2021-03-11T09:48:38","slug":"iniziato-il-conto-alla-rovescia-per-la-38a-edizione-della-transcavallo","status":"publish","type":"post","link":"https:\/\/comitati.fisi.org\/friuli-venezia-giulia\/blog\/2021\/03\/11\/iniziato-il-conto-alla-rovescia-per-la-38a-edizione-della-transcavallo\/","title":{"rendered":"Iniziato il conto alla rovescia per la 38a edizione della Transcavallo"},"content":{"rendered":"<p>In Alpago il tracciato della Transcavallo \u00e8 pronto, e ironia della sorte in questi ultimi anni non \u00e8 mai stato cos\u00ec perfetto per essere affrontato dagli atleti.<br \/>\nLe iscrizioni si sono chiuse qualche giorno fa avendo gi\u00e0 raggiunto i 130 team previsti. Tra queste squadre ci sar\u00e0 anche il neo Campione del Mondo Matteo Eydallin. Il vincitore iridato dei Mondiali appena disputati in Andorra, ancora non ha sciolto le riserve per il compagno di squadra. La scelta molto probabilmente scaturir\u00e0 dal risultato del Campionato del Mondo Long Distance che si disputer\u00e0 venerd\u00ec 12 marzo ad Areches in occasione della Pierra Menta.<br \/>\nTranscavallo Long Distance Team 7.0 \u00e8 per sottolineare i 7.000 metri di dislivello totale con le 7 vette da raggiungere un p\u00f2 distribuite tra Veneto e Friuli.<br \/>\nPurtroppo per le restrizioni anti-Covid la Transcavallo non si svolger\u00e0 con la consueta formula della gara a tappe, ma sar\u00e0 di un solo giorno.<br \/>\nProprio per questo motivo e per dimostrare ancora una volta la resilienza delle \u201cgenti di montagna\u201d il Comitato Organizzatore, presieduto a Diego Svalduz, ha voluto disegnare un tracciato dove la forza, la tecnica e la resistenza alla fatica saranno messi a dura prova.<br \/>\nVal Salatis, Monte Guslon, Monte Cornor, creste aeree, ripidi canali e discese funamboliche, saranno gli ingredienti principali di una gara d\u2019altri tempi.<br \/>\nIl percorso sar\u00e0 lungo, molto lungo, i chilometri da affrontare saranno circa 32, mai banali, si salir\u00e0 \u00a0e si scender\u00e0 di continuo, con un dislivello positivo di 3.520mt diluiti nella salita di ben sette cime, alcune delle quali si affronteranno a piedi, molto probabilmente con i ramponi calzati e con gli sci nello zaino.<br \/>\nGli organizzatori per accompagnare la Transcavallo in versione \u201cminimal\u201d hanno voluto riportare, venerd\u00ec 19 marzo al calar del sole, sulle nevi del Guslon la tradizionale fiaccolata che qualche anno fa era una vera e propria festa che anticipava l\u2019evento sportivo. Sar\u00e0 una fiaccolata particolare con una sola persona che accender\u00e0 le altre fiaccole disposte a forma di cuore proprio sui pendii del Monte Guslon. Il messaggio \u00e8 chiaro, l\u2019amore per la Montagna non ha restrizioni.<br \/>\nSul sito\u00a0<a href=\"https:\/\/areaphoto.us12.list-manage.com\/track\/click?u=dc30bb2f1f8f67c75795a6d21&amp;id=8a2e99010a&amp;e=eb27d848cb\" target=\"_blank\" rel=\"noopener\" data-saferedirecturl=\"https:\/\/www.google.com\/url?q=https:\/\/areaphoto.us12.list-manage.com\/track\/click?u%3Ddc30bb2f1f8f67c75795a6d21%26id%3D8a2e99010a%26e%3Deb27d848cb&amp;source=gmail&amp;ust=1615540579203000&amp;usg=AFQjCNF1Bi5HCrRD29Z5Jb7MV9XpkelGfg\">www.transcavallo.it<\/a>\u00a0si possono trovare tutte le info necessarie. Le iscrizioni alla prova a squadre sono state chiuse, mentre rimangono 30\/40 pettorali per la prova individuale.<\/p>\n","protected":false},"excerpt":{"rendered":"<p>Sabato 20 marzo, seguendo tutte le direttive anti-Covid, si svolgeranno la gara a squadre e la prova individuale<\/p>\n","protected":false},"author":4,"featured_media":36044,"comment_status":"closed","ping_status":"closed","sticky":false,"template":"","format":"standard","meta":{"_acf_changed":false,"footnotes":""},"categories":[19],"tags":[],"acf":[],"_links":{"self":[{"href":"https:\/\/comitati.fisi.org\/friuli-venezia-giulia\/wp-json\/wp\/v2\/posts\/77522"}],"collection":[{"href":"https:\/\/comitati.fisi.org\/friuli-venezia-giulia\/wp-json\/wp\/v2\/posts"}],"about":[{"href":"https:\/\/comitati.fisi.org\/friuli-venezia-giulia\/wp-json\/wp\/v2\/types\/post"}],"author":[{"embeddable":true,"href":"https:\/\/comitati.fisi.org\/friuli-venezia-giulia\/wp-json\/wp\/v2\/users\/4"}],"replies":[{"embeddable":true,"href":"https:\/\/comitati.fisi.org\/friuli-venezia-giulia\/wp-json\/wp\/v2\/comments?post=77522"}],"version-history":[{"count":0,"href":"https:\/\/comitati.fisi.org\/friuli-venezia-giulia\/wp-json\/wp\/v2\/posts\/77522\/revisions"}],"wp:featuredmedia":[{"embeddable":true,"href":"https:\/\/comitati.fisi.org\/friuli-venezia-giulia\/wp-json\/wp\/v2\/media\/36044"}],"wp:attachment":[{"href":"https:\/\/comitati.fisi.org\/friuli-venezia-giulia\/wp-json\/wp\/v2\/media?parent=77522"}],"wp:term":[{"taxonomy":"category","embeddable":true,"href":"https:\/\/comitati.fisi.org\/friuli-venezia-giulia\/wp-json\/wp\/v2\/categories?post=77522"},{"taxonomy":"post_tag","embeddable":true,"href":"https:\/\/comitati.fisi.org\/friuli-venezia-giulia\/wp-json\/wp\/v2\/tags?post=77522"}],"curies":[{"name":"wp","href":"https:\/\/api.w.org\/{rel}","templated":true}]}}