{"id":77490,"date":"2021-03-10T11:39:37","date_gmt":"2021-03-10T10:39:37","guid":{"rendered":"https:\/\/www.fisifvg.org\/?p=77490"},"modified":"2021-03-10T11:39:37","modified_gmt":"2021-03-10T10:39:37","slug":"il-cecchino-daniele-cappellari-e-secondo-nella-15-km-di-ibu-cup-di-biathlon","status":"publish","type":"post","link":"https:\/\/comitati.fisi.org\/friuli-venezia-giulia\/blog\/2021\/03\/10\/il-cecchino-daniele-cappellari-e-secondo-nella-15-km-di-ibu-cup-di-biathlon\/","title":{"rendered":"Il &#8220;cecchino&#8221; Daniele Cappellari \u00e8 secondo nella 15 km di IBU Cup di biathlon"},"content":{"rendered":"<p>Splendida prova di Daniele Cappellari nella prima giornata della finali di IBU Cup a Obertilliach, in Austria.<\/p>\n<p>Nella 15 km short individual il biathleta scuola Fornese si \u00e8 piazzato secondo grazie ad uno spettacolare 20 su 20 al tiro, dove \u00e8 stato anche il pi\u00f9 veloce, confermandosi cos\u00ec uno dei migliori &#8220;cecchini&#8221; del circuito.<\/p>\n<p>Cappellari ha chiuso a 11&#8243; dal vincitore, il francese Rivail, autore di un errore, ottenendo cos\u00ec il primo podio stagionale in una prova singola dopo il secondo posto nella staffetta a coppie di Arber assieme a Rebecca Passler.<\/p>\n<p>In gara anche gli altri due biathleti carnici Senior, con Nicola Romanin 28\u00b0 a 2&#8217;52&#8221; (3) e Giuseppe Montello 33\u00b0 a 3&#8217;21&#8221; (5) con l&#8217;ottavo tempo sugli sci.<\/p>\n<p>Nella 12.5 km femminile bella prova di Eleonora Fauner, 17a\u00a0 con 3 errori a 2&#8217;24&#8221; dalla vincitrice, la tedesca Voigt (0).<\/p>\n<p><a href=\"https:\/\/www.biathlonworld.com\/competitions\/ibu-cup\/events\/ibu-cup-biathlon-obertilliach-2021\/bt2021sibucp05\/race\/men-15km-short-individual\/bt2021sibucp05smsi\/\">CLASSIFICA<\/a><\/p>\n<p><em><strong>(in copertina Daniele Cappellari, a sinistra, sul podio)<\/strong><\/em><\/p>\n","protected":false},"excerpt":{"rendered":"<p>Il fornese perfetto e veloce al poligono sul podio a Obertilliach<\/p>\n","protected":false},"author":4,"featured_media":77496,"comment_status":"closed","ping_status":"closed","sticky":false,"template":"","format":"standard","meta":{"_acf_changed":false,"footnotes":""},"categories":[13,10],"tags":[],"acf":[],"_links":{"self":[{"href":"https:\/\/comitati.fisi.org\/friuli-venezia-giulia\/wp-json\/wp\/v2\/posts\/77490"}],"collection":[{"href":"https:\/\/comitati.fisi.org\/friuli-venezia-giulia\/wp-json\/wp\/v2\/posts"}],"about":[{"href":"https:\/\/comitati.fisi.org\/friuli-venezia-giulia\/wp-json\/wp\/v2\/types\/post"}],"author":[{"embeddable":true,"href":"https:\/\/comitati.fisi.org\/friuli-venezia-giulia\/wp-json\/wp\/v2\/users\/4"}],"replies":[{"embeddable":true,"href":"https:\/\/comitati.fisi.org\/friuli-venezia-giulia\/wp-json\/wp\/v2\/comments?post=77490"}],"version-history":[{"count":0,"href":"https:\/\/comitati.fisi.org\/friuli-venezia-giulia\/wp-json\/wp\/v2\/posts\/77490\/revisions"}],"wp:featuredmedia":[{"embeddable":true,"href":"https:\/\/comitati.fisi.org\/friuli-venezia-giulia\/wp-json\/wp\/v2\/media\/77496"}],"wp:attachment":[{"href":"https:\/\/comitati.fisi.org\/friuli-venezia-giulia\/wp-json\/wp\/v2\/media?parent=77490"}],"wp:term":[{"taxonomy":"category","embeddable":true,"href":"https:\/\/comitati.fisi.org\/friuli-venezia-giulia\/wp-json\/wp\/v2\/categories?post=77490"},{"taxonomy":"post_tag","embeddable":true,"href":"https:\/\/comitati.fisi.org\/friuli-venezia-giulia\/wp-json\/wp\/v2\/tags?post=77490"}],"curies":[{"name":"wp","href":"https:\/\/api.w.org\/{rel}","templated":true}]}}