{"id":77428,"date":"2021-03-08T12:27:49","date_gmt":"2021-03-08T11:27:49","guid":{"rendered":"https:\/\/www.fisifvg.org\/?p=77428"},"modified":"2021-03-08T12:27:49","modified_gmt":"2021-03-08T11:27:49","slug":"mara-martini-alla-pierra-menta-cerca-una-nuova-medaglia-mondiale","status":"publish","type":"post","link":"https:\/\/comitati.fisi.org\/friuli-venezia-giulia\/blog\/2021\/03\/08\/mara-martini-alla-pierra-menta-cerca-una-nuova-medaglia-mondiale\/","title":{"rendered":"Mara Martini alla Pierra Menta cerca una nuova medaglia mondiale"},"content":{"rendered":"<p>Nuovo assalto iridato per Mara Martini.<\/p>\n<p>Dopo il bronzo nella sprint e il titolo conquistato nella staffetta la scorsa settimana a Andorra, la 23enne del Bachmann Sport College sar\u00e0 al via venerd\u00ec della classica Pierra Menta, la prova francese che nell&#8217;occasione assegner\u00e0 il titolo mondiale a coppie sulla lunga distanza.<\/p>\n<p>Mara garegger\u00e0 con Ilaria Veronese.<\/p>\n","protected":false},"excerpt":{"rendered":"<p>La clautana sar\u00e0 in gara in Francia con Ilaria Veronese nella prova che assegner\u00e0 il titolo iridato a coppie<\/p>\n","protected":false},"author":4,"featured_media":77048,"comment_status":"closed","ping_status":"closed","sticky":false,"template":"","format":"standard","meta":{"_acf_changed":false,"footnotes":""},"categories":[10,19],"tags":[],"acf":[],"_links":{"self":[{"href":"https:\/\/comitati.fisi.org\/friuli-venezia-giulia\/wp-json\/wp\/v2\/posts\/77428"}],"collection":[{"href":"https:\/\/comitati.fisi.org\/friuli-venezia-giulia\/wp-json\/wp\/v2\/posts"}],"about":[{"href":"https:\/\/comitati.fisi.org\/friuli-venezia-giulia\/wp-json\/wp\/v2\/types\/post"}],"author":[{"embeddable":true,"href":"https:\/\/comitati.fisi.org\/friuli-venezia-giulia\/wp-json\/wp\/v2\/users\/4"}],"replies":[{"embeddable":true,"href":"https:\/\/comitati.fisi.org\/friuli-venezia-giulia\/wp-json\/wp\/v2\/comments?post=77428"}],"version-history":[{"count":0,"href":"https:\/\/comitati.fisi.org\/friuli-venezia-giulia\/wp-json\/wp\/v2\/posts\/77428\/revisions"}],"wp:featuredmedia":[{"embeddable":true,"href":"https:\/\/comitati.fisi.org\/friuli-venezia-giulia\/wp-json\/wp\/v2\/media\/77048"}],"wp:attachment":[{"href":"https:\/\/comitati.fisi.org\/friuli-venezia-giulia\/wp-json\/wp\/v2\/media?parent=77428"}],"wp:term":[{"taxonomy":"category","embeddable":true,"href":"https:\/\/comitati.fisi.org\/friuli-venezia-giulia\/wp-json\/wp\/v2\/categories?post=77428"},{"taxonomy":"post_tag","embeddable":true,"href":"https:\/\/comitati.fisi.org\/friuli-venezia-giulia\/wp-json\/wp\/v2\/tags?post=77428"}],"curies":[{"name":"wp","href":"https:\/\/api.w.org\/{rel}","templated":true}]}}