{"id":77185,"date":"2021-03-05T17:03:07","date_gmt":"2021-03-05T16:03:07","guid":{"rendered":"https:\/\/www.fisifvg.org\/?p=77185"},"modified":"2021-03-05T17:03:07","modified_gmt":"2021-03-05T16:03:07","slug":"sara-scattolo-dopo-il-bronzo-ai-mondiali-giovani-di-biathlon-che-gioia-questa-medaglia","status":"publish","type":"post","link":"https:\/\/comitati.fisi.org\/friuli-venezia-giulia\/blog\/2021\/03\/05\/sara-scattolo-dopo-il-bronzo-ai-mondiali-giovani-di-biathlon-che-gioia-questa-medaglia\/","title":{"rendered":"Sara Scattolo dopo il bronzo ai Mondiali Giovani di biathlon: \u00abChe gioia questa medaglia!\u00bb"},"content":{"rendered":"<p>Proponiamo le parole di Sara Scattolo dopo la <a href=\"https:\/\/www.fisifvg.org\/2021\/03\/05\/sara-scattolo-bronzo-mondiale-giovani-con-la-staffetta-del-biathlon\/\">medaglia di bronzo conquistata oggi nella staffetta dei Mondiali Giovani di biathlon<\/a> a Obertilliach, in Austria.<\/p>\n<p><em>&#8220;Sono molto soddisfatta della mia prestazione sia di questa giornata ma anche di tutti i Mondiali, oltre che della stagione. Ovviamente ho sperato nel successo, anche perch\u00e9 tutti sappiamo il grande valore di Linda Zingerle. Per\u00f2 se c&#8217;\u00e8 una cosa che ho imparato da questo sport \u00e8 che fino a quando non passi la linea del traguardo pu\u00f2 succedere di tutto ed \u00e8 anche questo il bello del biathlon. Voglio sottolineare che tutto ci\u00f2 non cambia la gioia di questa medaglia tanto desiderata&#8221;.<\/em><\/p>\n<p><em>&#8220;Da questi Mondiali ho portato a casa moltissima esperienza e molte gioie. \u00c8 stata un&#8217;esperienza fantastica e soprattutto un bellissimo confronto, nel quale ho avuto la possibilit\u00e0 di conoscere molte atlete e anche di confrontarmi con loro. Di sicuro alla fine delle gare singole un po&#8217; il rammarico c&#8217;\u00e8 stato per aver sbagliato, ma comunque c&#8217;erano molti lati positivi e un percorso di crescita rispetto all&#8217;anno passato. Di sicuro \u00e8 stata una situazione che non avevo ancora mai provato, c&#8217;era molta emozione e anche agitazione, ma che nonostante tutto mi hanno fatto imparare e crescere. Ovvio, non si smette mai di imparare soprattutto da questo sport e io ne ho ancora molto di lavoro&#8221;.<\/em><\/p>\n<p><em>&#8220;Mirco Romanin \u00e8 veramente un bravissimo allenatore. Fin da quando eravamo piccole, io e mia sorella Ilaria, ci ha sempre sostenuto e aiutato molto. E stato fondamentale, perch\u00e9 ti d\u00e0 sempre la giusta carica, ha sempre la parola giusta ed \u00e8 veramente una bravissima persona, con un gran cuore e ci ha sempre insegnato di crederci. Non posso dirgli che grazie di cuore&#8221;.<\/em><\/p>\n<p><em>&#8220;Credo di avere margini di miglioramento al tiro ma anche sugli sci, siamo un bellissimo gruppo e c&#8217;\u00e8 molto stimolo&#8221;.<\/em><\/p>\n<p><em>&#8220;Voglio ringraziare di cuore tutti i miei allenatori di oggi e quelli del passato, dalla societ\u00e0 al Comitato FVG, che sono sempre presenti, il gruppo Fiamme Oro, i miei compagni di squadra che sono fantastici, i miei amici e soprattutto i miei genitori per tutto quello che fanno&#8221;.<\/em><\/p>\n","protected":false},"excerpt":{"rendered":"<p>Le parole della 17enne di Forni Avoltri, terza nella staffetta di Obertilliach<\/p>\n","protected":false},"author":4,"featured_media":77191,"comment_status":"closed","ping_status":"closed","sticky":false,"template":"","format":"standard","meta":{"_acf_changed":false,"footnotes":""},"categories":[13],"tags":[],"acf":[],"_links":{"self":[{"href":"https:\/\/comitati.fisi.org\/friuli-venezia-giulia\/wp-json\/wp\/v2\/posts\/77185"}],"collection":[{"href":"https:\/\/comitati.fisi.org\/friuli-venezia-giulia\/wp-json\/wp\/v2\/posts"}],"about":[{"href":"https:\/\/comitati.fisi.org\/friuli-venezia-giulia\/wp-json\/wp\/v2\/types\/post"}],"author":[{"embeddable":true,"href":"https:\/\/comitati.fisi.org\/friuli-venezia-giulia\/wp-json\/wp\/v2\/users\/4"}],"replies":[{"embeddable":true,"href":"https:\/\/comitati.fisi.org\/friuli-venezia-giulia\/wp-json\/wp\/v2\/comments?post=77185"}],"version-history":[{"count":0,"href":"https:\/\/comitati.fisi.org\/friuli-venezia-giulia\/wp-json\/wp\/v2\/posts\/77185\/revisions"}],"wp:featuredmedia":[{"embeddable":true,"href":"https:\/\/comitati.fisi.org\/friuli-venezia-giulia\/wp-json\/wp\/v2\/media\/77191"}],"wp:attachment":[{"href":"https:\/\/comitati.fisi.org\/friuli-venezia-giulia\/wp-json\/wp\/v2\/media?parent=77185"}],"wp:term":[{"taxonomy":"category","embeddable":true,"href":"https:\/\/comitati.fisi.org\/friuli-venezia-giulia\/wp-json\/wp\/v2\/categories?post=77185"},{"taxonomy":"post_tag","embeddable":true,"href":"https:\/\/comitati.fisi.org\/friuli-venezia-giulia\/wp-json\/wp\/v2\/tags?post=77185"}],"curies":[{"name":"wp","href":"https:\/\/api.w.org\/{rel}","templated":true}]}}