{"id":77060,"date":"2021-03-04T17:11:08","date_gmt":"2021-03-04T16:11:08","guid":{"rendered":"https:\/\/www.fisifvg.org\/?p=77060"},"modified":"2021-03-04T17:11:08","modified_gmt":"2021-03-04T16:11:08","slug":"litalia-di-vittozzi-settima-nella-staffetta-femminile-del-biathlon","status":"publish","type":"post","link":"https:\/\/comitati.fisi.org\/friuli-venezia-giulia\/blog\/2021\/03\/04\/litalia-di-vittozzi-settima-nella-staffetta-femminile-del-biathlon\/","title":{"rendered":"L&#8217;Italia di Lisa Vittozzi settima nella staffetta femminile del biathlon"},"content":{"rendered":"<p>Settimo posto per l&#8217;Italia nella staffetta femminile che ha aperto la doppia tappa di Coppa del Mondo di biathlon a Nove Mesto, in Repubblica Ceca.<\/p>\n<p>Al lancio \u00e8 stata schierata Federica Sanfilippo, che con 4 ricariche ha lanciato Dorothea Wierer in 17a posizione a 53&#8243;8 dalla leader Norvegia e lontana una trentina di secondi dalla top 10.<br \/>\nDoro ha preso i primi 9 colpi, coprendo il decimo con una ricarica dando il cambio a Lisa Vittozzi (posizionata in un&#8217;inedita, per lei, terza frazione) in ottava posizione a 1&#8217;01&#8221; dalla Norvegia, sempre in testa, e a 40&#8243; dal podio. Nella serie a terra, molto selettiva, Lisa ha commesso due errori, recuperati con le ricariche, uscendo dal poligono quinta a 15&#8243; dal podio. Splendida la seconda serie della nostra campionessa, un pieno veloce che le consente di uscire dal poligono seconda a 5&#8243; dalla Svezia, in quel momento in testa. Al cambio con Michela Carrara l&#8217;Italia era terza a 7&#8243;6 dalla vetta. La pi\u00f9 giovane del gruppo era bravissima a terra, uscendo dal poligono seconda a 11&#8243; dalla svedese Elvira Oeberg. Carrara \u00e8 arrivata alla serie decisiva in terza posizione, ha effettuato tre ricariche ed \u00e8 uscita quinta a 3 secondi dalla zona podio, non riuscendo per\u00f2 a tenere il ritmo della francese Simon.<\/p>\n<p>Vittoria in volata della Svezia sulla Bielorussia, con Francia terza a 27&#8243;8 e Italia settima a 40&#8243;1 (preceduta di centesimi da Norvegia e Stati Uniti).<\/p>\n<p>Venerd\u00ec si disputa la staffetta maschile, sabato le due sprint, domenica l&#8217;inseguimento.<\/p>\n<p><a href=\"https:\/\/www.biathlonworld.com\/competitions\/world-cup\/events\/bmw-ibu-world-cup-biathlon-nove-mesto-2021\/bt2021swrlcp08\/race\/men-4x75km-relay\/bt2021swrlcp08smrl\/\">CLASSIFICA<\/a><\/p>\n<p><em><strong>(nella foto Lisa Vittozzi)<\/strong><\/em><\/p>\n","protected":false},"excerpt":{"rendered":"<p>Azzurre in corsa per il podio fino all&#8217;ultimo poligono<\/p>\n","protected":false},"author":4,"featured_media":74507,"comment_status":"closed","ping_status":"closed","sticky":false,"template":"","format":"standard","meta":{"_acf_changed":false,"footnotes":""},"categories":[13,10],"tags":[],"acf":[],"_links":{"self":[{"href":"https:\/\/comitati.fisi.org\/friuli-venezia-giulia\/wp-json\/wp\/v2\/posts\/77060"}],"collection":[{"href":"https:\/\/comitati.fisi.org\/friuli-venezia-giulia\/wp-json\/wp\/v2\/posts"}],"about":[{"href":"https:\/\/comitati.fisi.org\/friuli-venezia-giulia\/wp-json\/wp\/v2\/types\/post"}],"author":[{"embeddable":true,"href":"https:\/\/comitati.fisi.org\/friuli-venezia-giulia\/wp-json\/wp\/v2\/users\/4"}],"replies":[{"embeddable":true,"href":"https:\/\/comitati.fisi.org\/friuli-venezia-giulia\/wp-json\/wp\/v2\/comments?post=77060"}],"version-history":[{"count":0,"href":"https:\/\/comitati.fisi.org\/friuli-venezia-giulia\/wp-json\/wp\/v2\/posts\/77060\/revisions"}],"wp:featuredmedia":[{"embeddable":true,"href":"https:\/\/comitati.fisi.org\/friuli-venezia-giulia\/wp-json\/wp\/v2\/media\/74507"}],"wp:attachment":[{"href":"https:\/\/comitati.fisi.org\/friuli-venezia-giulia\/wp-json\/wp\/v2\/media?parent=77060"}],"wp:term":[{"taxonomy":"category","embeddable":true,"href":"https:\/\/comitati.fisi.org\/friuli-venezia-giulia\/wp-json\/wp\/v2\/categories?post=77060"},{"taxonomy":"post_tag","embeddable":true,"href":"https:\/\/comitati.fisi.org\/friuli-venezia-giulia\/wp-json\/wp\/v2\/tags?post=77060"}],"curies":[{"name":"wp","href":"https:\/\/api.w.org\/{rel}","templated":true}]}}