{"id":77045,"date":"2021-03-04T11:57:13","date_gmt":"2021-03-04T10:57:13","guid":{"rendered":"https:\/\/www.fisifvg.org\/?p=77045"},"modified":"2021-03-04T11:57:13","modified_gmt":"2021-03-04T10:57:13","slug":"buzzi-22-nella-seconda-prova-cronometrata-della-discesa-di-saalbach","status":"publish","type":"post","link":"https:\/\/comitati.fisi.org\/friuli-venezia-giulia\/blog\/2021\/03\/04\/buzzi-22-nella-seconda-prova-cronometrata-della-discesa-di-saalbach\/","title":{"rendered":"Buzzi 22\u00b0 nella seconda prova cronometrata della discesa di Saalbach"},"content":{"rendered":"<p>Buona prova per gli assi azzurri della velocit\u00e0 nella seconda giornata di discesa a Saalbach. Dominik Paris ha fatto registrare il miglior tempo in 1\u201953\u203300 e ha preceduto per 10 centesimi il tedesco Andreas Sander, che per\u00f2 ha saltato una porta. Al terzo posto si \u00e8 piazzato Christof Innerhofer a 14 centesimi da Paris, mentre quatro \u00e8 Matthias Mayer a 17. Quindi gran prova dello svizzero Ralph Weber, partito con il pettorale 34 e classificatosi al quinto posto con 47 centesimi di distacco da Paris. Seguono i grandi nomi della discesa: Max Franz, Johan Clarey e Beat Feuz sono l\u00ec, attorno al mezzo secondo di ritardo, a testimoniare che sar\u00e0 una gara tirata dove il pi\u00f9 piccolo errore coster\u00e0 molto caro.<br \/>\n<strong>Emanuele Buzzi <em>(nella foto)<\/em><\/strong> e Matteo Marsaglia rimangono fra i migliori trenta. Buzzi\u00a0\u00e8 22\/o e accusa un ritardo di 1\u203321 da Paris, mentre Marsaglia, con 1\u203339 \u00e8 27\/o.<br \/>\nClassifica cortissima con tanti atleti che possono puntare a fare risultati importanti e con una pista che concede anche ai numeri alti di mettere in campo buone prestazioni.<br \/>\nDa venerd\u00ec cominciano le gare, con la prima discesa con start alle 11.20, recupero della gara di Wengen, per proseguire con la seconda discesa, sabato, con partenza alle 11, e concludere domenica con il superG, con partenza alle 10.30.<\/p>\n<p><a href=\"http:\/\/live.fis-ski.com\/lv-al0125.htm#\/ranking\">CLASSIFICA<\/a><\/p>\n","protected":false},"excerpt":{"rendered":"<p>Da venerd\u00ec a domenica in Austria sono in programma tre prove veloci di Coppa del Mondo<\/p>\n","protected":false},"author":4,"featured_media":72650,"comment_status":"closed","ping_status":"closed","sticky":false,"template":"","format":"standard","meta":{"_acf_changed":false,"footnotes":""},"categories":[15],"tags":[],"acf":[],"_links":{"self":[{"href":"https:\/\/comitati.fisi.org\/friuli-venezia-giulia\/wp-json\/wp\/v2\/posts\/77045"}],"collection":[{"href":"https:\/\/comitati.fisi.org\/friuli-venezia-giulia\/wp-json\/wp\/v2\/posts"}],"about":[{"href":"https:\/\/comitati.fisi.org\/friuli-venezia-giulia\/wp-json\/wp\/v2\/types\/post"}],"author":[{"embeddable":true,"href":"https:\/\/comitati.fisi.org\/friuli-venezia-giulia\/wp-json\/wp\/v2\/users\/4"}],"replies":[{"embeddable":true,"href":"https:\/\/comitati.fisi.org\/friuli-venezia-giulia\/wp-json\/wp\/v2\/comments?post=77045"}],"version-history":[{"count":0,"href":"https:\/\/comitati.fisi.org\/friuli-venezia-giulia\/wp-json\/wp\/v2\/posts\/77045\/revisions"}],"wp:featuredmedia":[{"embeddable":true,"href":"https:\/\/comitati.fisi.org\/friuli-venezia-giulia\/wp-json\/wp\/v2\/media\/72650"}],"wp:attachment":[{"href":"https:\/\/comitati.fisi.org\/friuli-venezia-giulia\/wp-json\/wp\/v2\/media?parent=77045"}],"wp:term":[{"taxonomy":"category","embeddable":true,"href":"https:\/\/comitati.fisi.org\/friuli-venezia-giulia\/wp-json\/wp\/v2\/categories?post=77045"},{"taxonomy":"post_tag","embeddable":true,"href":"https:\/\/comitati.fisi.org\/friuli-venezia-giulia\/wp-json\/wp\/v2\/tags?post=77045"}],"curies":[{"name":"wp","href":"https:\/\/api.w.org\/{rel}","templated":true}]}}