{"id":76947,"date":"2021-03-02T17:14:46","date_gmt":"2021-03-02T16:14:46","guid":{"rendered":"https:\/\/www.fisifvg.org\/?p=76947"},"modified":"2021-03-02T17:14:46","modified_gmt":"2021-03-02T16:14:46","slug":"tre-gare-di-coppa-del-mondo-a-saalbach-per-emanuele-buzzi","status":"publish","type":"post","link":"https:\/\/comitati.fisi.org\/friuli-venezia-giulia\/blog\/2021\/03\/02\/tre-gare-di-coppa-del-mondo-a-saalbach-per-emanuele-buzzi\/","title":{"rendered":"Tre gare di Coppa del Mondo a Saalbach per Emanuele Buzzi"},"content":{"rendered":"<p>Saranno cinque gli azzurri schierati per le gare di Coppa del Mondo di Saalbach del prossimo fine settimana: <strong>Emanuele Buzzi (nella foto),<\/strong> Christof Innerhofer, Dominik Paris, Matteo Marsaglia, cui si unir\u00e0 Riccardo Tonetti solo per il superG di domenica.<br \/>\nIl programma nella localit\u00e0 austriaca prevede tre recuperi: la prima discesa, venerd\u00ec alle 11.20, sar\u00e0 il recupero pi\u00f9 volte rimandato di Wengen, sabato la seconda discesa, con partenza alle 11, che recuperer\u00e0 quella a cui ha rinunciato Kvitfjell, e il superG di domenica, il via alle 10.30, sempre recupero di quello norvegese.<br \/>\nLe classifiche di specialit\u00e0 sono ancora aperte. Per quanto riguarda la discesa, guida Beat Feuz con 406 punti, davanti a Matthias Mayer a quota 358 e a Dominik Paris a 288. Tutto pu\u00f2 succedere a tre gare dal termine della stagione e quindi con 300 punti in palio, anche se i tre fuoriclasse che guidano la classifica hanno pi\u00f9 volte dimostrato di spartirsi i primi posti nelle gare.<br \/>\nMentre Innerhofer \u00e8 13\/o ed \u00e8 comodamente qualificato per le Finali, Marsaglia deve ancora racimolare punti visto che si trova al 26\/o posto a quota 51, distanziato di 18 punti da Schwaiger, 25\/o. Impresa pi\u00f9 difficile per Buzzi che ha un solo punto in stagione.<br \/>\nPer quanto riguarda il superG guida Vincent Kriechmayr con 341 punti, davanti a Matthias Mayer con 240 e a Mauro Caviezel con 225. Incalza Marco Odermatt a quota 218. In questo caso mancano due sole gare e l\u2019Austria pare molto vicina a portare a casa la Coppa.<br \/>\nInnerhofer \u00e8 il primo degli azzurri al decimo posto, mentre \u00e8 sedicesimo Paris. Buzzi deve mettere in pista due buone prestazioni per recuperare sul 25\/o che \u00e8 Josef Ferstl con 54 punti, contro i 21 dell\u2019azzurro. Marsaglia \u00e8 37\/o a 18.<\/p>\n","protected":false},"excerpt":{"rendered":"<p>Il programma nella localit\u00e0 austriaca prevede tre recuperi<\/p>\n","protected":false},"author":4,"featured_media":75528,"comment_status":"closed","ping_status":"closed","sticky":false,"template":"","format":"standard","meta":{"_acf_changed":false,"footnotes":""},"categories":[15],"tags":[],"acf":[],"_links":{"self":[{"href":"https:\/\/comitati.fisi.org\/friuli-venezia-giulia\/wp-json\/wp\/v2\/posts\/76947"}],"collection":[{"href":"https:\/\/comitati.fisi.org\/friuli-venezia-giulia\/wp-json\/wp\/v2\/posts"}],"about":[{"href":"https:\/\/comitati.fisi.org\/friuli-venezia-giulia\/wp-json\/wp\/v2\/types\/post"}],"author":[{"embeddable":true,"href":"https:\/\/comitati.fisi.org\/friuli-venezia-giulia\/wp-json\/wp\/v2\/users\/4"}],"replies":[{"embeddable":true,"href":"https:\/\/comitati.fisi.org\/friuli-venezia-giulia\/wp-json\/wp\/v2\/comments?post=76947"}],"version-history":[{"count":0,"href":"https:\/\/comitati.fisi.org\/friuli-venezia-giulia\/wp-json\/wp\/v2\/posts\/76947\/revisions"}],"wp:featuredmedia":[{"embeddable":true,"href":"https:\/\/comitati.fisi.org\/friuli-venezia-giulia\/wp-json\/wp\/v2\/media\/75528"}],"wp:attachment":[{"href":"https:\/\/comitati.fisi.org\/friuli-venezia-giulia\/wp-json\/wp\/v2\/media?parent=76947"}],"wp:term":[{"taxonomy":"category","embeddable":true,"href":"https:\/\/comitati.fisi.org\/friuli-venezia-giulia\/wp-json\/wp\/v2\/categories?post=76947"},{"taxonomy":"post_tag","embeddable":true,"href":"https:\/\/comitati.fisi.org\/friuli-venezia-giulia\/wp-json\/wp\/v2\/tags?post=76947"}],"curies":[{"name":"wp","href":"https:\/\/api.w.org\/{rel}","templated":true}]}}