{"id":76944,"date":"2021-03-04T07:34:03","date_gmt":"2021-03-04T06:34:03","guid":{"rendered":"https:\/\/www.fisifvg.org\/?p=76944"},"modified":"2021-03-04T07:34:03","modified_gmt":"2021-03-04T06:34:03","slug":"giovedi-11-a-sappada-il-recupero-di-uno-slalom-fis-njr","status":"publish","type":"post","link":"https:\/\/comitati.fisi.org\/friuli-venezia-giulia\/blog\/2021\/03\/04\/giovedi-11-a-sappada-il-recupero-di-uno-slalom-fis-njr\/","title":{"rendered":"Il programma dello slalom FIS NJR di gioved\u00ec 11 a Sappada"},"content":{"rendered":"<p>Verr\u00e0 recuperata gioved\u00ec 11 marzo uno delle due gare FIS NJR inizialmente previste aad inizio dicembre a Sappada.<\/p>\n<p>In quella giornata, infatti, lo Sci Club Sappada proporr\u00e0 sulla pista Nera Eiben uno slalom, con la via uomini e donne, con in palio la Porto San Vito Cup.<\/p>\n<p>Partenza prima manche alle 8.30<\/p>\n<p>Iscrizioni entro luned\u00ec 8.<\/p>\n<p>Sotto il programma\/regolamento e il questionario sulla salute.<\/p>\n<p><a href=\"http:\/\/comitati.fisi.org\/friuli-venezia-giulia\/wp-content\/uploads\/sites\/34\/2021\/03\/PORTO-SAN-VITO-CUP-FIS-NJR-SAPPADA.pdf\">PROGRAMMA<\/a><br \/>\n<a href=\"http:\/\/comitati.fisi.org\/friuli-venezia-giulia\/wp-content\/uploads\/sites\/34\/2021\/03\/Health-Questionnaire.pdf\">QUESTIONARIO SULLA SALUTE<\/a><\/p>\n","protected":false},"excerpt":{"rendered":"<p>Inizialmente lo Sci Club Sappada aveva in programma l&#8217;organizzazione di due gare ad inizio dicembre<\/p>\n","protected":false},"author":4,"featured_media":57997,"comment_status":"closed","ping_status":"closed","sticky":false,"template":"","format":"standard","meta":{"_acf_changed":false,"footnotes":""},"categories":[10,15],"tags":[],"acf":[],"_links":{"self":[{"href":"https:\/\/comitati.fisi.org\/friuli-venezia-giulia\/wp-json\/wp\/v2\/posts\/76944"}],"collection":[{"href":"https:\/\/comitati.fisi.org\/friuli-venezia-giulia\/wp-json\/wp\/v2\/posts"}],"about":[{"href":"https:\/\/comitati.fisi.org\/friuli-venezia-giulia\/wp-json\/wp\/v2\/types\/post"}],"author":[{"embeddable":true,"href":"https:\/\/comitati.fisi.org\/friuli-venezia-giulia\/wp-json\/wp\/v2\/users\/4"}],"replies":[{"embeddable":true,"href":"https:\/\/comitati.fisi.org\/friuli-venezia-giulia\/wp-json\/wp\/v2\/comments?post=76944"}],"version-history":[{"count":0,"href":"https:\/\/comitati.fisi.org\/friuli-venezia-giulia\/wp-json\/wp\/v2\/posts\/76944\/revisions"}],"wp:featuredmedia":[{"embeddable":true,"href":"https:\/\/comitati.fisi.org\/friuli-venezia-giulia\/wp-json\/wp\/v2\/media\/57997"}],"wp:attachment":[{"href":"https:\/\/comitati.fisi.org\/friuli-venezia-giulia\/wp-json\/wp\/v2\/media?parent=76944"}],"wp:term":[{"taxonomy":"category","embeddable":true,"href":"https:\/\/comitati.fisi.org\/friuli-venezia-giulia\/wp-json\/wp\/v2\/categories?post=76944"},{"taxonomy":"post_tag","embeddable":true,"href":"https:\/\/comitati.fisi.org\/friuli-venezia-giulia\/wp-json\/wp\/v2\/tags?post=76944"}],"curies":[{"name":"wp","href":"https:\/\/api.w.org\/{rel}","templated":true}]}}