{"id":76868,"date":"2021-03-01T15:09:56","date_gmt":"2021-03-01T14:09:56","guid":{"rendered":"https:\/\/www.fisifvg.org\/?p=76868"},"modified":"2021-03-01T15:09:56","modified_gmt":"2021-03-01T14:09:56","slug":"fabio-piller-cottrer-argento-ai-mondiali-giovani-di-biathlon","status":"publish","type":"post","link":"https:\/\/comitati.fisi.org\/friuli-venezia-giulia\/blog\/2021\/03\/01\/fabio-piller-cottrer-argento-ai-mondiali-giovani-di-biathlon\/","title":{"rendered":"FABIO PILLER COTTRER ARGENTO AI MONDIALI GIOVANI DI BIATHLON!"},"content":{"rendered":"<p>Straordinario Fabio Piller Cottrer!<\/p>\n<p>Il sappadino scuola ASD Camosci, tesserato con il CS Carabinieri, ha conquistato una fantastica medaglia d&#8217;argento nella 7.5 km sprint dei Campionati Mondiali Giovani di biathlon, in svolgimento a Obertilliach, in Austria.<\/p>\n<div id=\"attachment_76154\" style=\"width: 260px\" class=\"wp-caption alignleft\"><a href=\"https:\/\/www.fisifvg.org\/wp-content\/uploads\/2021\/02\/BIATHLON-2021-Fabio-Piller-Cottrer.jpeg\"><img loading=\"lazy\" decoding=\"async\" aria-describedby=\"caption-attachment-76154\" class=\"wp-image-76154\" src=\"https:\/\/www.fisifvg.org\/wp-content\/uploads\/2021\/02\/BIATHLON-2021-Fabio-Piller-Cottrer-400x400.jpeg\" alt=\"\" width=\"250\" height=\"250\" \/><\/a><p id=\"caption-attachment-76154\" class=\"wp-caption-text\">Fabio Piller Cottrer<\/p><\/div>\n<p>Il figlio del campione olimpico del fondo Pietro \u00e8 stato perfetto e veloce al tiro e pure sugli sci \u00e8 andato forte. Si spiega cos\u00ec il grandissimo risultato, che lo vede secondo a 21&#8243;1 dal russo Irodov, anch&#8217;esso con un 10 su 10 al tiro.<\/p>\n<p>Per il movimento del biathlon FVG \u00e8 l&#8217;ennesimo grande risultato degli ultimi anni. Un movimento che produce atleti e tecnici, visto che il responsabile del settore Giovani\/Juniores azzurro \u00e8 Mirco Romanin.<\/p>\n<div id=\"attachment_76882\" style=\"width: 410px\" class=\"wp-caption alignright\"><a href=\"http:\/\/comitati.fisi.org\/friuli-venezia-giulia\/wp-content\/uploads\/sites\/34\/2021\/03\/wwwwwwwww.jpg\"><img loading=\"lazy\" decoding=\"async\" aria-describedby=\"caption-attachment-76882\" class=\"wp-image-76882\" src=\"http:\/\/comitati.fisi.org\/friuli-venezia-giulia\/wp-content\/uploads\/sites\/34\/2021\/03\/wwwwwwwww-400x400.jpg\" alt=\"\" width=\"400\" height=\"384\" \/><\/a><p id=\"caption-attachment-76882\" class=\"wp-caption-text\">Piller Cottrer in azione oggi<\/p><\/div>\n<p>Quella di Piller Cottrer \u00e8 la seconda medaglia iridata stagionale targata FISI FVG dopo quella ottenuta da Luca Sclisizzo nella staffetta dei Mondiali Juniores di sci di fondo.<\/p>\n<p>A Fabio vanno le congratulazioni del presidente della FISI FVG Maurizio Dunnhofer, del Consiglio Direttivo e di tutto l&#8217;entusiasta movimento dello sci regionale!<\/p>\n<p><em><strong>(in copertina Piller Cottrer durante la gara di oggi)<\/strong><\/em><\/p>\n<p>&nbsp;<\/p>\n<p><span style=\"color: #ff0000\"><strong>MEDAGLIE CAMPIONATI MONDIALI 2020-2021 ATLETI FVG<\/strong><\/span><\/p>\n<p><strong><span style=\"color: #808080\">ARGENTO<br \/>\n<\/span><\/strong><span style=\"color: #808080\"><span style=\"color: #000000\">-FABIO PILLER COTTRER\u00a0 Biathlon\u00a0 Sprint\u00a0 Giovani (Obertilliach-AUT, 1-3-2021)<\/span><\/span><strong><span style=\"color: #808080\"><br \/>\n<\/span><\/strong><\/p>\n<p><strong><span style=\"color: #993366\">BRONZO<br \/>\n<\/span><\/strong><span style=\"color: #000000\">-LUCA SCLISIZZO Fondo\u00a0 Staffetta\u00a0 Juniores (Vuokatti-FIN, 12-2-2021)<\/span><\/p>\n<p><span style=\"color: #ff0000\"><strong>MEDAGLIE CAMPIONATI ITALIANI ASSOLUTI E GIOVANILI 2020-2021 ATLETI FVG<\/strong><\/span><\/p>\n<p><span style=\"color: #ff9900\"><strong>ORO<br \/>\n<\/strong><\/span>-SARA SCATTOLO\u00a0 Biathlon\u00a0 Inseguimento\u00a0 Giovani\/U19<br \/>\n-SQUADRA (<em>Ilaria Scattolo, Serena Del Fabbro e Astrid Pl\u00f6sch)\u00a0\u00a0<\/em>Biathlon\u00a0 Staffetta\u00a0 Aspiranti\/U17<br \/>\n-SQUADRA Fiamme Oro (<em>Sara Scattolo<\/em>)\u00a0 Biathlon\u00a0 Staffetta\u00a0 Giovani\/U19<br \/>\n-SQUADRA Cs Esercito (<em>Sara Cesco Fabbro<\/em>)\u00a0 Biathlon\u00a0 Staffetta\u00a0 Juniores<br \/>\n-LUDOVICA DEL BIANCO\u00a0 Combinata\u00a0 U14<br \/>\n-GRETA PINZANI\u00a0 Combinata\u00a0 Aspiranti\/U16<br \/>\n-ANDREA GARTNER\u00a0 Fondo\u00a0 Sprint TC\u00a0 U20<br \/>\n-FRANCESCO CECON\u00a0 Salto\u00a0 Juniores<br \/>\n-CAMILLA COMAZZI\u00a0 Salto\u00a0 Aspiranti\/U16<br \/>\n-LUDOVICA DEL BIANCO\u00a0 Salto\u00a0 U14<br \/>\n-SQUADRA (<em>Greta Pinzani-Camilla Comazzi-Martino Zambenedetti<\/em>)\u00a0 Salto\u00a0 Aspiranti\/U16<\/p>\n<p><strong><span style=\"color: #808080\">ARGENTO<br \/>\n<\/span><\/strong>-ASTRID PLOSCH\u00a0 Biathlon\u00a0 Sprint\u00a0 Aspiranti\/U17<br \/>\n-ASTRID PLOSCH\u00a0 Biathlon\u00a0 Inseguimento\u00a0 Aspiranti\/U17<br \/>\n-DESIREE RIBBI\u00a0 Biathlon\u00a0 Inseguimento\u00a0 Allieve\/U15<br \/>\n-SQUADRA (<em>Fabio Cappellari-Alex Perissutti-Cesare Lozza<\/em>)\u00a0 Biathlon\u00a0 Staffetta\u00a0 Juniores<br \/>\n-SQUADRA CS Carabinieri (<em>Fabio Piller Cottrer-Mattia Piller Hoffer<\/em>)\u00a0 Biathlon\u00a0 Staffetta\u00a0 Giovani\/U19<strong><br \/>\n-ALESSANDRO PITTIN\u00a0 Combinata\u00a0 Assoluti<br \/>\n<\/strong>-DAVIDE GRAZ\u00a0 Fondo\u00a0 Sprint TC\u00a0 U23<strong><br \/>\n<\/strong>-GABRIELE MONTELEONE\u00a0 Fondo\u00a0 Sprint TC\u00a0 U18<strong><br \/>\n-FRANCESCO CECON\u00a0 Salto\u00a0 Assoluti<br \/>\n<\/strong>-MARTINA ZANITZER\u00a0 Salto\u00a0 Aspiranti\/U16<\/p>\n<p><strong><span style=\"color: #993366\">BRONZO<br \/>\n<\/span><\/strong>-SERENA DEL FABBRO\u00a0 Biathlon\u00a0 Inseguimento\u00a0 Aspiranti\/U17<br \/>\n-DESIREE RIBBI\u00a0 Biathlon\u00a0 Sprint\u00a0 Allieve\/U15<br \/>\n-SARA SCATTOLO\u00a0 Biathlon\u00a0 Sprint\u00a0 Giovani\/U19<br \/>\n-SQUADRA (<em>Pietro Pallober, Lorenzo Solero e Nicolas Ribbi)\u00a0 <\/em>Biathlon\u00a0 Staffetta\u00a0 Giovani\/U19<br \/>\n-SQUADRA (<em>Marco Iorio, Simone Puntel, Marco Da Pozzo<\/em>)\u00a0 Biathlon\u00a0 Staffetta\u00a0 Allievi U\/15<br \/>\n-MARTINA ZANITZER\u00a0 Combinata\u00a0 Juniores<br \/>\n-MARIA GISMONDI\u00a0 Fondo\u00a0 7.5 km TC\u00a0 U18<br \/>\n-LUCA SCLISIZZO\u00a0 Fondo\u00a0 10 km TC\u00a0 U20<br \/>\n-LUCA SCLISIZZO\u00a0 Fondo\u00a0 10 km TL\u00a0 U20<br \/>\n-CAMILLA COMAZZI\u00a0 Salto\u00a0 Juniores<br \/>\n-ERIKA PINZANI\u00a0 Salto\u00a0 U14<br \/>\n-MARTINO ZAMBENEDETTI\u00a0 Salto\u00a0 Aspiranti\/U16<\/p>\n<p><em><strong>(in neretto i podi assoluti)<\/strong><\/em><\/p>\n<p>&nbsp;<\/p>\n","protected":false},"excerpt":{"rendered":"<p>Grandissima prova del sappadino figlio d&#8217;arte nella 7.5 km sprint di Obertilliach<\/p>\n","protected":false},"author":4,"featured_media":76880,"comment_status":"closed","ping_status":"closed","sticky":false,"template":"","format":"standard","meta":{"_acf_changed":false,"footnotes":""},"categories":[13,10],"tags":[],"acf":[],"_links":{"self":[{"href":"https:\/\/comitati.fisi.org\/friuli-venezia-giulia\/wp-json\/wp\/v2\/posts\/76868"}],"collection":[{"href":"https:\/\/comitati.fisi.org\/friuli-venezia-giulia\/wp-json\/wp\/v2\/posts"}],"about":[{"href":"https:\/\/comitati.fisi.org\/friuli-venezia-giulia\/wp-json\/wp\/v2\/types\/post"}],"author":[{"embeddable":true,"href":"https:\/\/comitati.fisi.org\/friuli-venezia-giulia\/wp-json\/wp\/v2\/users\/4"}],"replies":[{"embeddable":true,"href":"https:\/\/comitati.fisi.org\/friuli-venezia-giulia\/wp-json\/wp\/v2\/comments?post=76868"}],"version-history":[{"count":0,"href":"https:\/\/comitati.fisi.org\/friuli-venezia-giulia\/wp-json\/wp\/v2\/posts\/76868\/revisions"}],"wp:featuredmedia":[{"embeddable":true,"href":"https:\/\/comitati.fisi.org\/friuli-venezia-giulia\/wp-json\/wp\/v2\/media\/76880"}],"wp:attachment":[{"href":"https:\/\/comitati.fisi.org\/friuli-venezia-giulia\/wp-json\/wp\/v2\/media?parent=76868"}],"wp:term":[{"taxonomy":"category","embeddable":true,"href":"https:\/\/comitati.fisi.org\/friuli-venezia-giulia\/wp-json\/wp\/v2\/categories?post=76868"},{"taxonomy":"post_tag","embeddable":true,"href":"https:\/\/comitati.fisi.org\/friuli-venezia-giulia\/wp-json\/wp\/v2\/tags?post=76868"}],"curies":[{"name":"wp","href":"https:\/\/api.w.org\/{rel}","templated":true}]}}