{"id":76827,"date":"2021-03-01T12:19:21","date_gmt":"2021-03-01T11:19:21","guid":{"rendered":"https:\/\/www.fisifvg.org\/?p=76827"},"modified":"2021-03-01T12:19:21","modified_gmt":"2021-03-01T11:19:21","slug":"ai-mondiali-giovani-sara-scattolo-in-testa-allentrata-dellultimo-poligono-poi-arrivano-3-errori","status":"publish","type":"post","link":"https:\/\/comitati.fisi.org\/friuli-venezia-giulia\/blog\/2021\/03\/01\/ai-mondiali-giovani-sara-scattolo-in-testa-allentrata-dellultimo-poligono-poi-arrivano-3-errori\/","title":{"rendered":"Ai Mondiali Giovani Sara Scattolo in testa all&#8217;entrata dell&#8217;ultimo poligono, poi arrivano 3 errori"},"content":{"rendered":"<p>Seconda gara ai Mondiali Giovani di biathlon a Obertilliach, in Austria.<\/p>\n<p>In programma la prova sprint e nella 6 km femminile era impegnata Sara Scattolo, giunta 24a a 1&#8217;10&#8221; dalla slovena Repinc, vincitrice con 6&#8243; di vantaggio sull&#8217;azzurra Linda Zingerle.<\/p>\n<p>La 17enne dalla squadra FISI FVG a terra \u00e8 stata perfetta, tanto da ritrovarsi al comando all&#8217;uscita dal poligono. Poi per\u00f2 Sara, come accaduto nell&#8217;individuale, \u00e8 stata tradita dall&#8217;ultima serie, nella quale ha commesso 3 errori, perdendo cos\u00ec diverse posizioni. La Scattolo \u00e8 stata peraltro la quarta pi\u00f9 veloce sugli sci.<\/p>\n<p>Nel pomeriggio si \u00e8 poi svolta la <a href=\"https:\/\/www.fisifvg.org\/2021\/03\/01\/fabio-piller-cottrer-argento-ai-mondiali-giovani-di-biathlon\/\">7.5 km maschile, con lo splendido secondo posto di Fabio Piller Cottrer.<\/a><\/p>\n<p><a href=\"https:\/\/www.biathlonworld.com\/competitions\/youth-world-championship\/events\/ibu-youth-junior-world-championships-obertilliach-2021\/bt2021jwrlch__\/race\/ywomen-6km-sprint\/bt2021jwrlch__ywsp\/\">CLASSIFICA 6 KM FEMMINILE<\/a><\/p>\n<p>&nbsp;<\/p>\n","protected":false},"excerpt":{"rendered":"<p>A Obertilliach fatale per la 17enne della squadra FISI FVG la serie in piedi<\/p>\n","protected":false},"author":4,"featured_media":64242,"comment_status":"closed","ping_status":"closed","sticky":false,"template":"","format":"standard","meta":{"_acf_changed":false,"footnotes":""},"categories":[13],"tags":[],"acf":[],"_links":{"self":[{"href":"https:\/\/comitati.fisi.org\/friuli-venezia-giulia\/wp-json\/wp\/v2\/posts\/76827"}],"collection":[{"href":"https:\/\/comitati.fisi.org\/friuli-venezia-giulia\/wp-json\/wp\/v2\/posts"}],"about":[{"href":"https:\/\/comitati.fisi.org\/friuli-venezia-giulia\/wp-json\/wp\/v2\/types\/post"}],"author":[{"embeddable":true,"href":"https:\/\/comitati.fisi.org\/friuli-venezia-giulia\/wp-json\/wp\/v2\/users\/4"}],"replies":[{"embeddable":true,"href":"https:\/\/comitati.fisi.org\/friuli-venezia-giulia\/wp-json\/wp\/v2\/comments?post=76827"}],"version-history":[{"count":0,"href":"https:\/\/comitati.fisi.org\/friuli-venezia-giulia\/wp-json\/wp\/v2\/posts\/76827\/revisions"}],"wp:featuredmedia":[{"embeddable":true,"href":"https:\/\/comitati.fisi.org\/friuli-venezia-giulia\/wp-json\/wp\/v2\/media\/64242"}],"wp:attachment":[{"href":"https:\/\/comitati.fisi.org\/friuli-venezia-giulia\/wp-json\/wp\/v2\/media?parent=76827"}],"wp:term":[{"taxonomy":"category","embeddable":true,"href":"https:\/\/comitati.fisi.org\/friuli-venezia-giulia\/wp-json\/wp\/v2\/categories?post=76827"},{"taxonomy":"post_tag","embeddable":true,"href":"https:\/\/comitati.fisi.org\/friuli-venezia-giulia\/wp-json\/wp\/v2\/tags?post=76827"}],"curies":[{"name":"wp","href":"https:\/\/api.w.org\/{rel}","templated":true}]}}