{"id":76722,"date":"2021-02-28T11:37:34","date_gmt":"2021-02-28T10:37:34","guid":{"rendered":"https:\/\/www.fisifvg.org\/?p=76722"},"modified":"2021-02-28T11:37:34","modified_gmt":"2021-02-28T10:37:34","slug":"settima-la-staffetta-maschile-fvg-ai-campionati-italiani-ragazzi-di-biathlon","status":"publish","type":"post","link":"https:\/\/comitati.fisi.org\/friuli-venezia-giulia\/blog\/2021\/02\/28\/settima-la-staffetta-maschile-fvg-ai-campionati-italiani-ragazzi-di-biathlon\/","title":{"rendered":"Gli Allievi FVG medaglia di bronzo ai Campionati Italiani di biathlon"},"content":{"rendered":"<p>I Campionati Italiani Ragazzi\/Allievi 2020-21, che avevano visto svolgersi la loro prima parte a gennaio a Forni Avoltri, si sono chiusi oggi a Bionaz (Ao) con le staffette.<\/p>\n<p>Il nostro Comitato festeggia una medaglia inattesa nella 3&#215;4 km Allievi maschile. Inattesa perch\u00e8 al traguardo il terzetto FVG era giunto quinto e solo nel dopo gara, con l&#8217;ufficializzazione delle classifiche, \u00e8 arrivata la splendida notizia del bronzo come conseguenza delle penalit\u00e0 inflitte a Alpi Occidentali e Veneto per non aver effettuato tutti i giri di penalit\u00e0 previsti.<br \/>\nCos\u00ec <strong>Marco Iorio dell&#8217;ASD Camosci, Simone Puntel della Monte Coglians e Marco Da Pozzo della Fornese<\/strong> conquistano un bellissimo terzo posto alle spalle dei vincitori della Val d&#8217;Aosta e dell&#8217;Alto Adige.<\/p>\n<div id=\"attachment_76798\" style=\"width: 510px\" class=\"wp-caption alignright\"><a href=\"http:\/\/comitati.fisi.org\/friuli-venezia-giulia\/wp-content\/uploads\/sites\/34\/2021\/02\/eeeee2.jpeg\"><img loading=\"lazy\" decoding=\"async\" aria-describedby=\"caption-attachment-76798\" class=\"wp-image-76798\" src=\"http:\/\/comitati.fisi.org\/friuli-venezia-giulia\/wp-content\/uploads\/sites\/34\/2021\/02\/eeeee2-400x400.jpeg\" alt=\"\" width=\"500\" height=\"329\" \/><\/a><p id=\"caption-attachment-76798\" class=\"wp-caption-text\">Il podio Allievi maschile<\/p><\/div>\n<p>Nella 3&#215;4 km Allieve vittoria dell&#8217;Alto Adige su Alpi Occidentali e Trentino. Sesta la squadra FVG con Maya Pividori, Sofia Del Fabbro e Desiree Ribbi, quest&#8217;ultima autrice del miglior tempo di frazione.<\/p>\n<p>In mattinata si erano svolte le prove Ragazzi, con la prima squadra FVG settima nella 3&#215;3 km maschile con il trio Camosci composto da Davide Ndala, Samuele Degano e Filippo Tach. La seconda squadra FVGM con Emanuele Clerici, Andrea Nodale e Elia Perissutti, si \u00e8 piazzata dodicesima, mentre ha chiuso quattordicesima la squadra FVG C con Andrea Ceccarelli, Andrea Zambelli Domelin e Sebastian Screm. Doppietta Alto Adige, con bronzo alle Alpi Orientali.<\/p>\n<p>Nella 3&#215;3 km Ragazze oro all&#8217;Alto Adige davanti a Alpi Centrali e alla seconda squadra altoatesina.<br \/>\nNon era presente una squadra FVG, con Chiara Polo che ha gareggiato in una squadra mista piazzatasi settima; la fornese ha fatto segnare il sesto tempo di frazione.<\/p>\n<p><a href=\"http:\/\/comitati.fisi.org\/friuli-venezia-giulia\/wp-content\/uploads\/sites\/34\/2021\/02\/Classifica-ALLIEVI.pdf\">Classifica ALLIEVI<\/a><br \/>\n<a href=\"http:\/\/comitati.fisi.org\/friuli-venezia-giulia\/wp-content\/uploads\/sites\/34\/2021\/02\/Classifica-ALLIEVE.pdf\">Classifica ALLIEVE<\/a><br \/>\n<a href=\"http:\/\/comitati.fisi.org\/friuli-venezia-giulia\/wp-content\/uploads\/sites\/34\/2021\/02\/Classifica-prov-RF.pdf\">Classifica RAGAZZE<\/a><br \/>\n<a href=\"http:\/\/comitati.fisi.org\/friuli-venezia-giulia\/wp-content\/uploads\/sites\/34\/2021\/02\/Classifica-prov-RM-1.pdf\">Classifica RAGAZZI<\/a><\/p>\n<p><span style=\"color: #ff0000\"><strong>MEDAGLIE CAMPIONATI MONDIALI 2020-2021 ATLETI FVG<\/strong><\/span><\/p>\n<p><strong><span style=\"color: #993366\">BRONZO<br \/>\n<\/span><\/strong><span style=\"color: #000000\">-LUCA SCLISIZZO Fondo\u00a0 Staffetta Juniores (Vuokatti-FIN, 12-2-2021)<\/span><\/p>\n<p><span style=\"color: #ff0000\"><strong>MEDAGLIE CAMPIONATI ITALIANI ASSOLUTI E GIOVANILI 2020-2021 ATLETI FVG<\/strong><\/span><\/p>\n<p><span style=\"color: #ff9900\"><strong>ORO<br \/>\n<\/strong><\/span>-SARA SCATTOLO\u00a0 Biathlon\u00a0 Inseguimento\u00a0 Giovani\/U19<br \/>\n-SQUADRA (<em>Ilaria Scattolo, Serena Del Fabbro e Astrid Pl\u00f6sch)\u00a0\u00a0<\/em>Biathlon\u00a0 Staffetta\u00a0 Aspiranti\/U17<br \/>\n-SQUADRA Fiamme Oro (<em>Sara Scattolo<\/em>)\u00a0 Biathlon\u00a0 Staffetta\u00a0 Giovani\/U19<br \/>\n-SQUADRA Cs Esercito (<em>Sara Cesco Fabbro<\/em>)\u00a0 Biathlon\u00a0 Staffetta\u00a0 Juniores<br \/>\n-LUDOVICA DEL BIANCO\u00a0 Combinata\u00a0 U14<br \/>\n-GRETA PINZANI\u00a0 Combinata\u00a0 Aspiranti\/U16<br \/>\n-ANDREA GARTNER\u00a0 Fondo\u00a0 Sprint TC\u00a0 U20<br \/>\n-FRANCESCO CECON\u00a0 Salto\u00a0 Juniores<br \/>\n-CAMILLA COMAZZI\u00a0 Salto\u00a0 Aspiranti\/U16<br \/>\n-LUDOVICA DEL BIANCO\u00a0 Salto\u00a0 U14<br \/>\n-SQUADRA (<em>Greta Pinzani-Camilla Comazzi-Martino Zambenedetti<\/em>)\u00a0 Salto\u00a0 Aspiranti\/U16<\/p>\n<p><strong><span style=\"color: #808080\">ARGENTO<br \/>\n<\/span><\/strong>-ASTRID PLOSCH\u00a0 Biathlon\u00a0 Sprint\u00a0 Aspiranti\/U17<br \/>\n-ASTRID PLOSCH\u00a0 Biathlon\u00a0 Inseguimento\u00a0 Aspiranti\/U17<br \/>\n-DESIREE RIBBI\u00a0 Biathlon\u00a0 Inseguimento\u00a0 Allieve\/U15<br \/>\n-SQUADRA (<em>Fabio Cappellari-Alex Perissutti-Cesare Lozza<\/em>)\u00a0 Biathlon\u00a0 Staffetta\u00a0 Juniores<br \/>\n-SQUADRA CS Carabinieri (<em>Fabio Piller Cottrer-Mattia Piller Hoffer<\/em>)\u00a0 Biathlon\u00a0 Staffetta\u00a0 Giovani\/U19<strong><br \/>\n-ALESSANDRO PITTIN\u00a0 Combinata\u00a0 Assoluti<br \/>\n<\/strong>-DAVIDE GRAZ\u00a0 Fondo\u00a0 Sprint TC\u00a0 U23<strong><br \/>\n<\/strong>-GABRIELE MONTELEONE\u00a0 Fondo\u00a0 Sprint TC\u00a0 U18<strong><br \/>\n-FRANCESCO CECON\u00a0 Salto\u00a0 Assoluti<br \/>\n<\/strong>-MARTINA ZANITZER\u00a0 Salto\u00a0 Aspiranti\/U16<\/p>\n<p><strong><span style=\"color: #993366\">BRONZO<br \/>\n<\/span><\/strong>-SERENA DEL FABBRO\u00a0 Biathlon\u00a0 Inseguimento\u00a0 Aspiranti\/U17<br \/>\n-DESIREE RIBBI\u00a0 Biathlon\u00a0 Sprint\u00a0 Allieve\/U15<br \/>\n-SARA SCATTOLO\u00a0 Biathlon\u00a0 Sprint\u00a0 Giovani\/U19<br \/>\n-SQUADRA (<em>Pietro Pallober, Lorenzo Solero e Nicolas Ribbi)\u00a0 <\/em>Biathlon\u00a0 Staffetta\u00a0 Giovani\/U19<br \/>\n-SQUADRA (<em>Marco Iorio, Simone Puntel, Marco Da Pozzo<\/em>)\u00a0 Biathlon\u00a0 Staffetta\u00a0 Allievi U\/15<br \/>\n-MARTINA ZANITZER\u00a0 Combinata\u00a0 Juniores<br \/>\n-MARIA GISMONDI\u00a0 Fondo\u00a0 7.5 km TC\u00a0 U18<br \/>\n-LUCA SCLISIZZO\u00a0 Fondo\u00a0 10 km TC\u00a0 U20<br \/>\n-LUCA SCLISIZZO\u00a0 Fondo\u00a0 10 km TL\u00a0 U20<br \/>\n-CAMILLA COMAZZI\u00a0 Salto\u00a0 Juniores<br \/>\n-ERIKA PINZANI\u00a0 Salto\u00a0 U14<br \/>\n-MARTINO ZAMBENEDETTI\u00a0 Salto\u00a0 Aspiranti\/U16<\/p>\n<p><em><strong>(in neretto i podi assoluti)<\/strong><\/em><\/p>\n<p>&nbsp;<\/p>\n","protected":false},"excerpt":{"rendered":"<p>A Bionaz sul podio Marco Iorio dell&#8217;Asd Camosci, Simone Puntel della Monte Coglians e Marco Da Pozzo della Fornese<\/p>\n","protected":false},"author":4,"featured_media":76799,"comment_status":"closed","ping_status":"closed","sticky":false,"template":"","format":"standard","meta":{"_acf_changed":false,"footnotes":""},"categories":[13,10],"tags":[],"acf":[],"_links":{"self":[{"href":"https:\/\/comitati.fisi.org\/friuli-venezia-giulia\/wp-json\/wp\/v2\/posts\/76722"}],"collection":[{"href":"https:\/\/comitati.fisi.org\/friuli-venezia-giulia\/wp-json\/wp\/v2\/posts"}],"about":[{"href":"https:\/\/comitati.fisi.org\/friuli-venezia-giulia\/wp-json\/wp\/v2\/types\/post"}],"author":[{"embeddable":true,"href":"https:\/\/comitati.fisi.org\/friuli-venezia-giulia\/wp-json\/wp\/v2\/users\/4"}],"replies":[{"embeddable":true,"href":"https:\/\/comitati.fisi.org\/friuli-venezia-giulia\/wp-json\/wp\/v2\/comments?post=76722"}],"version-history":[{"count":0,"href":"https:\/\/comitati.fisi.org\/friuli-venezia-giulia\/wp-json\/wp\/v2\/posts\/76722\/revisions"}],"wp:featuredmedia":[{"embeddable":true,"href":"https:\/\/comitati.fisi.org\/friuli-venezia-giulia\/wp-json\/wp\/v2\/media\/76799"}],"wp:attachment":[{"href":"https:\/\/comitati.fisi.org\/friuli-venezia-giulia\/wp-json\/wp\/v2\/media?parent=76722"}],"wp:term":[{"taxonomy":"category","embeddable":true,"href":"https:\/\/comitati.fisi.org\/friuli-venezia-giulia\/wp-json\/wp\/v2\/categories?post=76722"},{"taxonomy":"post_tag","embeddable":true,"href":"https:\/\/comitati.fisi.org\/friuli-venezia-giulia\/wp-json\/wp\/v2\/tags?post=76722"}],"curies":[{"name":"wp","href":"https:\/\/api.w.org\/{rel}","templated":true}]}}