{"id":76515,"date":"2021-02-25T14:16:50","date_gmt":"2021-02-25T13:16:50","guid":{"rendered":"https:\/\/www.fisifvg.org\/?p=76515"},"modified":"2021-02-25T14:16:50","modified_gmt":"2021-02-25T13:16:50","slug":"a-sella-nevea-il-secondo-successo-in-coppa-europa-dellamericano-arvidsson","status":"publish","type":"post","link":"https:\/\/comitati.fisi.org\/friuli-venezia-giulia\/blog\/2021\/02\/25\/a-sella-nevea-il-secondo-successo-in-coppa-europa-dellamericano-arvidsson\/","title":{"rendered":"A Sella Nevea il secondo successo in Coppa Europa dell&#8217;americano Arvidsson"},"content":{"rendered":"<p><span style=\"font-weight: 400\">Una giornata da incorniciare per lo statunitense <\/span><b>Erik Arvidsson<\/b><span style=\"font-weight: 400\">. Nella seconda discesa libera, organizzata dall\u2019US Camporosso in occasione della tappa di Coppa Europa ospitata sulla Pista Canin di Sella Nevea, il venticinquenne californiano, dopo il quinto posto di ieri, centra il bersaglio grosso timbrando il crono di 1\u201904\u201d93. <\/span><\/p>\n<div id=\"attachment_76526\" style=\"width: 410px\" class=\"wp-caption alignright\"><a href=\"http:\/\/comitati.fisi.org\/friuli-venezia-giulia\/wp-content\/uploads\/sites\/34\/2021\/02\/Arvidsson-Erik-01.jpg\"><img loading=\"lazy\" decoding=\"async\" aria-describedby=\"caption-attachment-76526\" class=\"wp-image-76526\" src=\"http:\/\/comitati.fisi.org\/friuli-venezia-giulia\/wp-content\/uploads\/sites\/34\/2021\/02\/Arvidsson-Erik-01-400x400.jpg\" alt=\"\" width=\"400\" height=\"267\" \/><\/a><p id=\"caption-attachment-76526\" class=\"wp-caption-text\">Erik Arvidsson<\/p><\/div>\n<p><span style=\"font-weight: 400\">\u201cE\u2019 valsa la pena studiare per ore i video delle linee utilizzate dal francese Schuller, vincitore della prima discesa libera. Oggi ho spinto al massimo dal primo all\u2019ultimo metro, imparando dagli errori commessi nelle prove precedenti, e cercando di far correre sempre gli sci\u201d, le parole di un entusiasta Arvidsson, che ha anticipato di diciassette centesimi lo svizzero Ralph Weber, costretto ad accontentarsi nuovamente della seconda piazza, e di venticinque il trionfatore della prima discesa Schuller. Quest\u2019ultimo, nella serrata lotta per il terzo gradino del podio, ha prevalso sui compagni di squadra Blaise Giezendanner (+0.27) e Sam Alphand (+0.35).<\/span><\/p>\n<p>&nbsp;<\/p>\n<div id=\"attachment_76525\" style=\"width: 410px\" class=\"wp-caption alignleft\"><a href=\"http:\/\/comitati.fisi.org\/friuli-venezia-giulia\/wp-content\/uploads\/sites\/34\/2021\/02\/Molteni-NIcolo.jpg\"><img loading=\"lazy\" decoding=\"async\" aria-describedby=\"caption-attachment-76525\" class=\"wp-image-76525\" src=\"http:\/\/comitati.fisi.org\/friuli-venezia-giulia\/wp-content\/uploads\/sites\/34\/2021\/02\/Molteni-NIcolo-400x400.jpg\" alt=\"\" width=\"400\" height=\"257\" \/><\/a><p id=\"caption-attachment-76525\" class=\"wp-caption-text\">Nicol\u00f2 Molteni<\/p><\/div>\n<p><span style=\"font-weight: 400\">Per quanto riguarda il capitolo Italia, gli azzurri si sono dovuti accontentare delle posizioni di rincalzo con il migliore che \u00e8 risultato nuovamente Nicol\u00f2 Molteni, undicesimo al traguardo: \u201dHo sicuramente sciato meglio della prima gara ma questo non \u00e8 bastato a raggiungere i primissimi posti della graduatoria &#8211; dice il comasco -. Tuttavia posso dire che \u00e8 stata una due giorni positiva che mi fa ben sperare per i prossimi appuntamenti, ovvero la tappa di Coppa del Mondo a Saalbach-Interglemm (Austria) dal 3 al 7 marzo e sempre, nella localit\u00e0 austriaca, le finali di Coppa Europa dal 10 al 18 marzo\u201d.<\/span><\/p>\n<p><b>Ci sono poi le parole di Wim Rossel<\/b><span style=\"font-weight: 400\">, responsabile della Coppa Europa Maschile: <\/span><i><span style=\"font-weight: 400\">\u201cUn\u2019organizzazione rodata che ha capitalizzato le esperienze degli anni passati e sta facendo un percorso molto importante. Tutte le squadre sono veramente contente della gara, grazie al team compatto degli organizzatori. Siamo tutti una grande squadra con un grande cuore. <\/span><\/i><i><span style=\"font-weight: 400\">Ogni volta che veniamo a Sella Nevea troviamo un tempo splendido, una pista preparata al meglio, un gruppo di lavoro affiatato che cresce di anno in anno. C\u2019\u00e8 grande flessibilit\u00e0 e professionalit\u00e0, tanto da farmi pensare di proporre alla Federazione internazionale di spostarci sulla Di Prampero per puntare ad una pista che possa avere tutte e tre gli elementi chiave di una discesa libera: velocit\u00e0, tecnicit\u00e0 e attrito. Parliamo di un comprensorio che ha gi\u00e0 ospitato tappe di Coppa del Mondo e non dubito che il percorso intrapreso e la qualit\u00e0 ottenuta in queste tappe di Coppa Europa possano replicarsi ancora in un costante crescendo&#8221;.<\/span><\/i><\/p>\n<p><a href=\"http:\/\/comitati.fisi.org\/friuli-venezia-giulia\/wp-content\/uploads\/sites\/34\/2021\/02\/RS.25.2.pdf\">CLASSIFICA<\/a><\/p>\n<p><em><strong>(foto di Carlo Spaliviero)<\/strong><\/em><\/p>\n<div id=\"attachment_76523\" style=\"width: 810px\" class=\"wp-caption aligncenter\"><a href=\"http:\/\/comitati.fisi.org\/friuli-venezia-giulia\/wp-content\/uploads\/sites\/34\/2021\/02\/Team-US-Camporosso-Promotur.jpg\"><img loading=\"lazy\" decoding=\"async\" aria-describedby=\"caption-attachment-76523\" class=\"wp-image-76523\" src=\"http:\/\/comitati.fisi.org\/friuli-venezia-giulia\/wp-content\/uploads\/sites\/34\/2021\/02\/Team-US-Camporosso-Promotur-400x400.jpg\" alt=\"\" width=\"800\" height=\"600\" \/><\/a><p id=\"caption-attachment-76523\" class=\"wp-caption-text\">Team organizzazione<\/p><\/div>\n","protected":false},"excerpt":{"rendered":"<p>Conclusa la tappa delle discipline veloci organizzata dall&#8217;US Camporosso<\/p>\n","protected":false},"author":4,"featured_media":76524,"comment_status":"closed","ping_status":"closed","sticky":false,"template":"","format":"standard","meta":{"_acf_changed":false,"footnotes":""},"categories":[15],"tags":[],"acf":[],"_links":{"self":[{"href":"https:\/\/comitati.fisi.org\/friuli-venezia-giulia\/wp-json\/wp\/v2\/posts\/76515"}],"collection":[{"href":"https:\/\/comitati.fisi.org\/friuli-venezia-giulia\/wp-json\/wp\/v2\/posts"}],"about":[{"href":"https:\/\/comitati.fisi.org\/friuli-venezia-giulia\/wp-json\/wp\/v2\/types\/post"}],"author":[{"embeddable":true,"href":"https:\/\/comitati.fisi.org\/friuli-venezia-giulia\/wp-json\/wp\/v2\/users\/4"}],"replies":[{"embeddable":true,"href":"https:\/\/comitati.fisi.org\/friuli-venezia-giulia\/wp-json\/wp\/v2\/comments?post=76515"}],"version-history":[{"count":0,"href":"https:\/\/comitati.fisi.org\/friuli-venezia-giulia\/wp-json\/wp\/v2\/posts\/76515\/revisions"}],"wp:featuredmedia":[{"embeddable":true,"href":"https:\/\/comitati.fisi.org\/friuli-venezia-giulia\/wp-json\/wp\/v2\/media\/76524"}],"wp:attachment":[{"href":"https:\/\/comitati.fisi.org\/friuli-venezia-giulia\/wp-json\/wp\/v2\/media?parent=76515"}],"wp:term":[{"taxonomy":"category","embeddable":true,"href":"https:\/\/comitati.fisi.org\/friuli-venezia-giulia\/wp-json\/wp\/v2\/categories?post=76515"},{"taxonomy":"post_tag","embeddable":true,"href":"https:\/\/comitati.fisi.org\/friuli-venezia-giulia\/wp-json\/wp\/v2\/tags?post=76515"}],"curies":[{"name":"wp","href":"https:\/\/api.w.org\/{rel}","templated":true}]}}