{"id":76498,"date":"2021-02-24T16:08:34","date_gmt":"2021-02-24T15:08:34","guid":{"rendered":"https:\/\/www.fisifvg.org\/?p=76498"},"modified":"2021-02-24T16:08:34","modified_gmt":"2021-02-24T15:08:34","slug":"campionati-italiani-u14-e-u16-di-fondo-definiti-i-criteri-di-selezione","status":"publish","type":"post","link":"https:\/\/comitati.fisi.org\/friuli-venezia-giulia\/blog\/2021\/02\/24\/campionati-italiani-u14-e-u16-di-fondo-definiti-i-criteri-di-selezione\/","title":{"rendered":"Campionati Italiani U14 e U16 di fondo, definiti i criteri di selezione"},"content":{"rendered":"<p><em><strong>La coordinatrice del fondo FISI FVG Lorella Baron e il direttore tecnico Francesco Silverio hanno reso noto i criteri di selezione per i Campionati Italiani Under 14, in programma a Schilpario dal 5 al 7 marzo, e per quelli Under 16, previsti a Tarvisio dal 12 al 14 dello stesso mese.<\/strong><\/em><br \/>\n<em><strong>Proponiamo la comunicazione.<\/strong><\/em><\/p>\n<p><span style=\"font-weight: 400\">In considerazione della ben nota emergenza Covid-19 la nostra Federazione, nel rispetto dei DPCM\u00a0 governativi e delle direttive del CONI, ha emanato dei protocolli a salvaguardia dell\u2019attivit\u00e0 agonistica federale, sia di alto livello che di base, nel rispetto della salute di tutti coloro che operano affinch\u00e9 ci\u00f2 si realizzi (atleti, tecnici, giudici, cronometristi, personale di soccorso e sanitario, ecc). Detto questo, l\u2019attivit\u00e0 agonistica e la programmazione delle gare hanno subito una profonda riorganizzazione con l\u2019avvio dell\u2019attivit\u00e0 agonistica regionale solamente dalla fine di gennaio. Ne consegue che la partecipazione ai Campionati Italiani delle categorie U14 e U16 potr\u00e0 essere valutata su un numero limitato di gare regionali. Nel dettaglio per la cat. U14 una gara sprint e due gare distance; per la cat. U16 una gara sprint e tre gare distance.\u00a0<\/span><\/p>\n<p><span style=\"font-weight: 400\">Per la categoria U14 la nostra squadra regionale parteciper\u00e0 ai Campionati Italiani di Schilpario con 10 atlete\u00a0 femmine, 10 atleti maschi e i 4 tecnici del Comitato. Le scelte saranno fatte sulla base della somma dei risultati delle due gare distance, con una valutazione del Campionato regionale e, se necessario, della gara sprint valevole come titolo regionale.\u00a0<\/span><\/p>\n<p><span style=\"font-weight: 400\">La partecipazione ai Campionati Italiani U16, che quest\u2019anno si disputeranno a Tarvisio, \u00e8 contingentata come\u00a0 specificato al punto 4.10.1 dell\u2019Agenda degli Sport Invernali. Le scelte saranno fatte sui due migliori risultati delle tre gare regionali, con una valutazione del Campionato regionale distance e, se necessario, della gara\u00a0 sprint valevole come titolo regionale.\u00a0\u00a0<\/span><\/p>\n<p><span style=\"font-weight: 400\">In ultima analisi sar\u00e0 il D.T. congiuntamente allo staff tecnico, qualora le circostanze lo rendano necessario,\u00a0 valutare i singoli casi con delle scelte tecniche oculate ed insindacabili.\u00a0<\/span><\/p>\n<p>&nbsp;<\/p>\n","protected":false},"excerpt":{"rendered":"<p>Appuntamento a Schilpario dal 5 al 7 marzo e a Tarvisio dal 12 al 14 dello stesso mese<\/p>\n","protected":false},"author":4,"featured_media":47856,"comment_status":"closed","ping_status":"closed","sticky":false,"template":"","format":"standard","meta":{"_acf_changed":false,"footnotes":""},"categories":[10,11],"tags":[],"acf":[],"_links":{"self":[{"href":"https:\/\/comitati.fisi.org\/friuli-venezia-giulia\/wp-json\/wp\/v2\/posts\/76498"}],"collection":[{"href":"https:\/\/comitati.fisi.org\/friuli-venezia-giulia\/wp-json\/wp\/v2\/posts"}],"about":[{"href":"https:\/\/comitati.fisi.org\/friuli-venezia-giulia\/wp-json\/wp\/v2\/types\/post"}],"author":[{"embeddable":true,"href":"https:\/\/comitati.fisi.org\/friuli-venezia-giulia\/wp-json\/wp\/v2\/users\/4"}],"replies":[{"embeddable":true,"href":"https:\/\/comitati.fisi.org\/friuli-venezia-giulia\/wp-json\/wp\/v2\/comments?post=76498"}],"version-history":[{"count":0,"href":"https:\/\/comitati.fisi.org\/friuli-venezia-giulia\/wp-json\/wp\/v2\/posts\/76498\/revisions"}],"wp:featuredmedia":[{"embeddable":true,"href":"https:\/\/comitati.fisi.org\/friuli-venezia-giulia\/wp-json\/wp\/v2\/media\/47856"}],"wp:attachment":[{"href":"https:\/\/comitati.fisi.org\/friuli-venezia-giulia\/wp-json\/wp\/v2\/media?parent=76498"}],"wp:term":[{"taxonomy":"category","embeddable":true,"href":"https:\/\/comitati.fisi.org\/friuli-venezia-giulia\/wp-json\/wp\/v2\/categories?post=76498"},{"taxonomy":"post_tag","embeddable":true,"href":"https:\/\/comitati.fisi.org\/friuli-venezia-giulia\/wp-json\/wp\/v2\/tags?post=76498"}],"curies":[{"name":"wp","href":"https:\/\/api.w.org\/{rel}","templated":true}]}}