{"id":76468,"date":"2021-02-24T13:24:02","date_gmt":"2021-02-24T12:24:02","guid":{"rendered":"https:\/\/www.fisifvg.org\/?p=76468"},"modified":"2021-02-24T13:24:02","modified_gmt":"2021-02-24T12:24:02","slug":"al-francese-schuller-la-prima-discesa-di-coppa-europa-di-sella-nevea","status":"publish","type":"post","link":"https:\/\/comitati.fisi.org\/friuli-venezia-giulia\/blog\/2021\/02\/24\/al-francese-schuller-la-prima-discesa-di-coppa-europa-di-sella-nevea\/","title":{"rendered":"Al francese Schuller la prima discesa di Coppa Europa di Sella Nevea"},"content":{"rendered":"<p>Buona la prima. Nella discesa libera, che ha inaugurato la due giorni di gare della tappa di Coppa Europa organizzata a Sella Nevea dall\u2019US Camporosso, si \u00e8 imposto il francese Victor Schuller<em><strong>,<\/strong>\u00a0<\/em>che ha confermato di aver trovato un feeling invidiabile con l\u2019ostico pendio del Monte Canin dato che aveva chiuso al comando anche le due prove cronometrate di luned\u00ec e marted\u00ec.<\/p>\n<p>Il transalpino, classe 1995, ha fatto la differenza nella seconda parte del tracciato pennellandolo e tagliando poi il traguardo con il crono di 1\u201904\u201d79. Ma la competizione \u00e8 stata serrata e con distacchi minimi. Infatti alle spalle del nativo di Colmar si \u00e8 piazzato, a 11 centesimi, lo svizzero Ralph Weber, che a sua volta ha preceduto di un solo centesimo lo svedese Olle Sundin.<\/p>\n<p>Ai piedi del podio si \u00e8 accomodato l\u2019austriaco Julian Schuetter, che ha chiuso la sua fatica a soli sei centesimi dal bronzo, mentre il suo connazionale Maximilian Lahnsteiner, leader della classifica generale di Coppa Europa, ha concluso in ottava piazza.<\/p>\n<p>\u201cSono molto soddisfatto della prestazione odierna e soprattutto del lavoro di tutta la tre giorni, che mi ha portato ha migliorare ogni qual volta mi sono presentato al cancelletto di partenza, prove o gara, il tempo del giorno precedente. Prover\u00f2 a confermarmi anche domani\u201d, le parole a caldo di Schuller.<\/p>\n<p>In casa Italia, il migliore \u00e8 stato il comasco Nicol\u00f2 Molteni, non particolarmente soddisfatto della sua dodicesima posizione finale: \u201cHo pasticciato su una serie di curvoni e cos\u00ec non sono riuscito a entrare nella top five. I margini per far meglio ci sono e vedr\u00f2 di dimostrarlo gi\u00e0 domani nella seconda discesa\u201d.<\/p>\n<p>Anche oggi il lavoro dei volontari \u00e8 stato determinante per il perfetto svolgimento della competizione. A partire dagli allestitori del parterre, che hanno montato il palco per le premiazioni, posizionato gli striscioni, allestito il gazebo, per procedere con i responsabili amministrativi che ogni giorno verificano che i documenti e le certificazioni COVID siano stati consegnati da tutte le delegazioni, procedendo poi per i lisciatori che scendono sul tracciato ogni 20 atleti garantendo quella che loro chiamano \u201cpista vergine\u201d a tutti gli sciatori, indipendentemente dal pettorale di gara, per andare poi a finire con chi garantisce che ogni giornalista accreditato abbia una start list e una postazione adeguata per seguire la gare.<\/p>\n<p>Il volontariato e la creazione della rete territoriale non \u00e8 solo un concetto da estendere alle figure storiche che supportano l\u2019US Camporosso ma anche ai giovani che vogliono intraprendere e conoscere il lavoro di una squadra capace di organizzare manifestazioni sportive internazionali.<\/p>\n<p>\u201c<i>In questa gara ed in altre competizioni di livello mondiale, \u00e8 fondamentale la partnership pubblica, con la Regione FVG, Promoturismo FVG, non solo per garantire la sostenibilit\u00e0 economica dell\u2019evento ma anche per la messa in campo di una programmazione a lungo raggio che possa riportare la nostra regione ad ospitare la Coppa del Mondo, sempre assieme alle Federazioni FIS e FISI che ci hanno dato fiducia negli anni<\/i>\u201d, ha dichiarato il presidente dell\u2019US Camporosso Damiano Matiz.<\/p>\n<p><a href=\"http:\/\/comitati.fisi.org\/friuli-venezia-giulia\/wp-content\/uploads\/sites\/34\/2021\/02\/Sella-Nevea-DH-1.pdf\">CLASSIFICA DISCESA 24\/2<\/a><\/p>\n<p><a href=\"http:\/\/comitati.fisi.org\/friuli-venezia-giulia\/wp-content\/uploads\/sites\/34\/2021\/02\/SL.25.2.pdf\">START LIST GIOVEDI&#8217;<\/a><br \/>\n<a href=\"http:\/\/comitati.fisi.org\/friuli-venezia-giulia\/wp-content\/uploads\/sites\/34\/2021\/02\/Sella-Nevea-DH-2.pdf\">PROGRAMMA GIOVEDI&#8217;<\/a><\/p>\n<p style=\"text-align: center\"><strong>FOTOGALLERY<br \/>\n<em>(a cura di Carlo Spaliviero)<\/em><\/strong><\/p>\n<div id='gallery-1' class='gallery galleryid-76468 gallery-columns-1 gallery-size-medium'><dl class='gallery-item'>\n\t\t\t<dt class='gallery-icon landscape'>\n\t\t\t\t<a href='https:\/\/comitati.fisi.org\/friuli-venezia-giulia\/blog\/2021\/02\/24\/al-francese-schuller-la-prima-discesa-di-coppa-europa-di-sella-nevea\/morse-sam\/'><img loading=\"lazy\" decoding=\"async\" width=\"300\" height=\"182\" src=\"https:\/\/comitati.fisi.org\/friuli-venezia-giulia\/wp-content\/uploads\/sites\/34\/2021\/02\/Morse-Sam-300x182.jpg\" class=\"attachment-medium size-medium\" alt=\"\" aria-describedby=\"gallery-1-76485\" srcset=\"https:\/\/comitati.fisi.org\/friuli-venezia-giulia\/wp-content\/uploads\/sites\/34\/2021\/02\/Morse-Sam-300x182.jpg 300w, https:\/\/comitati.fisi.org\/friuli-venezia-giulia\/wp-content\/uploads\/sites\/34\/2021\/02\/Morse-Sam-1024x621.jpg 1024w, https:\/\/comitati.fisi.org\/friuli-venezia-giulia\/wp-content\/uploads\/sites\/34\/2021\/02\/Morse-Sam-768x466.jpg 768w, https:\/\/comitati.fisi.org\/friuli-venezia-giulia\/wp-content\/uploads\/sites\/34\/2021\/02\/Morse-Sam-1536x931.jpg 1536w, https:\/\/comitati.fisi.org\/friuli-venezia-giulia\/wp-content\/uploads\/sites\/34\/2021\/02\/Morse-Sam-2048x1242.jpg 2048w\" sizes=\"(max-width: 300px) 100vw, 300px\" \/><\/a>\n\t\t\t<\/dt>\n\t\t\t\t<dd class='wp-caption-text gallery-caption' id='gallery-1-76485'>\n\t\t\t\tSAM MORSE\n\t\t\t\t<\/dd><\/dl><dl class='gallery-item'>\n\t\t\t<dt class='gallery-icon landscape'>\n\t\t\t\t<a href='https:\/\/comitati.fisi.org\/friuli-venezia-giulia\/blog\/2021\/02\/24\/al-francese-schuller-la-prima-discesa-di-coppa-europa-di-sella-nevea\/shuller-victor\/'><img loading=\"lazy\" decoding=\"async\" width=\"300\" height=\"169\" src=\"https:\/\/comitati.fisi.org\/friuli-venezia-giulia\/wp-content\/uploads\/sites\/34\/2021\/02\/Shuller-Victor-300x169.jpg\" class=\"attachment-medium size-medium\" alt=\"\" aria-describedby=\"gallery-1-76484\" srcset=\"https:\/\/comitati.fisi.org\/friuli-venezia-giulia\/wp-content\/uploads\/sites\/34\/2021\/02\/Shuller-Victor-300x169.jpg 300w, https:\/\/comitati.fisi.org\/friuli-venezia-giulia\/wp-content\/uploads\/sites\/34\/2021\/02\/Shuller-Victor-1024x576.jpg 1024w, https:\/\/comitati.fisi.org\/friuli-venezia-giulia\/wp-content\/uploads\/sites\/34\/2021\/02\/Shuller-Victor-768x432.jpg 768w, https:\/\/comitati.fisi.org\/friuli-venezia-giulia\/wp-content\/uploads\/sites\/34\/2021\/02\/Shuller-Victor-1536x864.jpg 1536w, https:\/\/comitati.fisi.org\/friuli-venezia-giulia\/wp-content\/uploads\/sites\/34\/2021\/02\/Shuller-Victor-2048x1152.jpg 2048w\" sizes=\"(max-width: 300px) 100vw, 300px\" \/><\/a>\n\t\t\t<\/dt>\n\t\t\t\t<dd class='wp-caption-text gallery-caption' id='gallery-1-76484'>\n\t\t\t\tVICTOR SCHULLER\n\t\t\t\t<\/dd><\/dl><dl class='gallery-item'>\n\t\t\t<dt class='gallery-icon landscape'>\n\t\t\t\t<a href='https:\/\/comitati.fisi.org\/friuli-venezia-giulia\/blog\/2021\/02\/24\/al-francese-schuller-la-prima-discesa-di-coppa-europa-di-sella-nevea\/olympus-digital-camera-87\/'><img loading=\"lazy\" decoding=\"async\" width=\"300\" height=\"270\" src=\"https:\/\/comitati.fisi.org\/friuli-venezia-giulia\/wp-content\/uploads\/sites\/34\/2021\/02\/Sundin-Olle-300x270.jpg\" class=\"attachment-medium size-medium\" alt=\"\" aria-describedby=\"gallery-1-76483\" srcset=\"https:\/\/comitati.fisi.org\/friuli-venezia-giulia\/wp-content\/uploads\/sites\/34\/2021\/02\/Sundin-Olle-300x270.jpg 300w, https:\/\/comitati.fisi.org\/friuli-venezia-giulia\/wp-content\/uploads\/sites\/34\/2021\/02\/Sundin-Olle-1024x922.jpg 1024w, https:\/\/comitati.fisi.org\/friuli-venezia-giulia\/wp-content\/uploads\/sites\/34\/2021\/02\/Sundin-Olle-768x691.jpg 768w, https:\/\/comitati.fisi.org\/friuli-venezia-giulia\/wp-content\/uploads\/sites\/34\/2021\/02\/Sundin-Olle-1536x1382.jpg 1536w, https:\/\/comitati.fisi.org\/friuli-venezia-giulia\/wp-content\/uploads\/sites\/34\/2021\/02\/Sundin-Olle-2048x1843.jpg 2048w\" sizes=\"(max-width: 300px) 100vw, 300px\" \/><\/a>\n\t\t\t<\/dt>\n\t\t\t\t<dd class='wp-caption-text gallery-caption' id='gallery-1-76483'>\n\t\t\t\tOLLE SUNDIN\n\t\t\t\t<\/dd><\/dl><dl class='gallery-item'>\n\t\t\t<dt class='gallery-icon landscape'>\n\t\t\t\t<a href='https:\/\/comitati.fisi.org\/friuli-venezia-giulia\/blog\/2021\/02\/24\/al-francese-schuller-la-prima-discesa-di-coppa-europa-di-sella-nevea\/giezendanner-blaise\/'><img loading=\"lazy\" decoding=\"async\" width=\"300\" height=\"163\" src=\"https:\/\/comitati.fisi.org\/friuli-venezia-giulia\/wp-content\/uploads\/sites\/34\/2021\/02\/Giezendanner-Blaise-300x163.jpg\" class=\"attachment-medium size-medium\" alt=\"\" aria-describedby=\"gallery-1-76481\" srcset=\"https:\/\/comitati.fisi.org\/friuli-venezia-giulia\/wp-content\/uploads\/sites\/34\/2021\/02\/Giezendanner-Blaise-300x163.jpg 300w, https:\/\/comitati.fisi.org\/friuli-venezia-giulia\/wp-content\/uploads\/sites\/34\/2021\/02\/Giezendanner-Blaise-1024x557.jpg 1024w, https:\/\/comitati.fisi.org\/friuli-venezia-giulia\/wp-content\/uploads\/sites\/34\/2021\/02\/Giezendanner-Blaise-768x417.jpg 768w, https:\/\/comitati.fisi.org\/friuli-venezia-giulia\/wp-content\/uploads\/sites\/34\/2021\/02\/Giezendanner-Blaise-1536x835.jpg 1536w, https:\/\/comitati.fisi.org\/friuli-venezia-giulia\/wp-content\/uploads\/sites\/34\/2021\/02\/Giezendanner-Blaise-2048x1113.jpg 2048w\" sizes=\"(max-width: 300px) 100vw, 300px\" \/><\/a>\n\t\t\t<\/dt>\n\t\t\t\t<dd class='wp-caption-text gallery-caption' id='gallery-1-76481'>\n\t\t\t\tBLAISE GIEZENDANNER\n\t\t\t\t<\/dd><\/dl><dl class='gallery-item'>\n\t\t\t<dt class='gallery-icon landscape'>\n\t\t\t\t<a href='https:\/\/comitati.fisi.org\/friuli-venezia-giulia\/blog\/2021\/02\/24\/al-francese-schuller-la-prima-discesa-di-coppa-europa-di-sella-nevea\/nicolo-molteni\/'><img loading=\"lazy\" decoding=\"async\" width=\"300\" height=\"165\" src=\"https:\/\/comitati.fisi.org\/friuli-venezia-giulia\/wp-content\/uploads\/sites\/34\/2021\/02\/Nicolo-Molteni-300x165.jpg\" class=\"attachment-medium size-medium\" alt=\"\" aria-describedby=\"gallery-1-76480\" srcset=\"https:\/\/comitati.fisi.org\/friuli-venezia-giulia\/wp-content\/uploads\/sites\/34\/2021\/02\/Nicolo-Molteni-300x165.jpg 300w, https:\/\/comitati.fisi.org\/friuli-venezia-giulia\/wp-content\/uploads\/sites\/34\/2021\/02\/Nicolo-Molteni-1024x564.jpg 1024w, https:\/\/comitati.fisi.org\/friuli-venezia-giulia\/wp-content\/uploads\/sites\/34\/2021\/02\/Nicolo-Molteni-768x423.jpg 768w, https:\/\/comitati.fisi.org\/friuli-venezia-giulia\/wp-content\/uploads\/sites\/34\/2021\/02\/Nicolo-Molteni.jpg 1400w\" sizes=\"(max-width: 300px) 100vw, 300px\" \/><\/a>\n\t\t\t<\/dt>\n\t\t\t\t<dd class='wp-caption-text gallery-caption' id='gallery-1-76480'>\n\t\t\t\tNICOLO&#8217; MOLTENI\n\t\t\t\t<\/dd><\/dl><dl class='gallery-item'>\n\t\t\t<dt class='gallery-icon landscape'>\n\t\t\t\t<a href='https:\/\/comitati.fisi.org\/friuli-venezia-giulia\/blog\/2021\/02\/24\/al-francese-schuller-la-prima-discesa-di-coppa-europa-di-sella-nevea\/olympus-digital-camera-86\/'><img loading=\"lazy\" decoding=\"async\" width=\"300\" height=\"225\" src=\"https:\/\/comitati.fisi.org\/friuli-venezia-giulia\/wp-content\/uploads\/sites\/34\/2021\/02\/Pista-300x225.jpg\" class=\"attachment-medium size-medium\" alt=\"\" aria-describedby=\"gallery-1-76482\" srcset=\"https:\/\/comitati.fisi.org\/friuli-venezia-giulia\/wp-content\/uploads\/sites\/34\/2021\/02\/Pista-300x225.jpg 300w, https:\/\/comitati.fisi.org\/friuli-venezia-giulia\/wp-content\/uploads\/sites\/34\/2021\/02\/Pista-1024x768.jpg 1024w, https:\/\/comitati.fisi.org\/friuli-venezia-giulia\/wp-content\/uploads\/sites\/34\/2021\/02\/Pista-768x576.jpg 768w, https:\/\/comitati.fisi.org\/friuli-venezia-giulia\/wp-content\/uploads\/sites\/34\/2021\/02\/Pista-1536x1152.jpg 1536w, https:\/\/comitati.fisi.org\/friuli-venezia-giulia\/wp-content\/uploads\/sites\/34\/2021\/02\/Pista-2048x1536.jpg 2048w\" sizes=\"(max-width: 300px) 100vw, 300px\" \/><\/a>\n\t\t\t<\/dt>\n\t\t\t\t<dd class='wp-caption-text gallery-caption' id='gallery-1-76482'>\n\t\t\t\tPISTA CANIN\n\t\t\t\t<\/dd><\/dl><dl class='gallery-item'>\n\t\t\t<dt class='gallery-icon landscape'>\n\t\t\t\t<a href='https:\/\/comitati.fisi.org\/friuli-venezia-giulia\/blog\/2021\/02\/24\/al-francese-schuller-la-prima-discesa-di-coppa-europa-di-sella-nevea\/olympus-digital-camera-84\/'><img loading=\"lazy\" decoding=\"async\" width=\"300\" height=\"225\" src=\"https:\/\/comitati.fisi.org\/friuli-venezia-giulia\/wp-content\/uploads\/sites\/34\/2021\/02\/preparazione-podio-300x225.jpg\" class=\"attachment-medium size-medium\" alt=\"\" aria-describedby=\"gallery-1-76478\" srcset=\"https:\/\/comitati.fisi.org\/friuli-venezia-giulia\/wp-content\/uploads\/sites\/34\/2021\/02\/preparazione-podio-300x225.jpg 300w, https:\/\/comitati.fisi.org\/friuli-venezia-giulia\/wp-content\/uploads\/sites\/34\/2021\/02\/preparazione-podio-1024x768.jpg 1024w, https:\/\/comitati.fisi.org\/friuli-venezia-giulia\/wp-content\/uploads\/sites\/34\/2021\/02\/preparazione-podio-768x576.jpg 768w, https:\/\/comitati.fisi.org\/friuli-venezia-giulia\/wp-content\/uploads\/sites\/34\/2021\/02\/preparazione-podio-1536x1152.jpg 1536w, https:\/\/comitati.fisi.org\/friuli-venezia-giulia\/wp-content\/uploads\/sites\/34\/2021\/02\/preparazione-podio-2048x1536.jpg 2048w\" sizes=\"(max-width: 300px) 100vw, 300px\" \/><\/a>\n\t\t\t<\/dt>\n\t\t\t\t<dd class='wp-caption-text gallery-caption' id='gallery-1-76478'>\n\t\t\t\tPREPARAZIONE PODIO\n\t\t\t\t<\/dd><\/dl><dl class='gallery-item'>\n\t\t\t<dt class='gallery-icon landscape'>\n\t\t\t\t<a href='https:\/\/comitati.fisi.org\/friuli-venezia-giulia\/blog\/2021\/02\/24\/al-francese-schuller-la-prima-discesa-di-coppa-europa-di-sella-nevea\/olympus-digital-camera-83\/'><img loading=\"lazy\" decoding=\"async\" width=\"300\" height=\"225\" src=\"https:\/\/comitati.fisi.org\/friuli-venezia-giulia\/wp-content\/uploads\/sites\/34\/2021\/02\/Team-Camporosso-300x225.jpg\" class=\"attachment-medium size-medium\" alt=\"\" aria-describedby=\"gallery-1-76477\" srcset=\"https:\/\/comitati.fisi.org\/friuli-venezia-giulia\/wp-content\/uploads\/sites\/34\/2021\/02\/Team-Camporosso-300x225.jpg 300w, https:\/\/comitati.fisi.org\/friuli-venezia-giulia\/wp-content\/uploads\/sites\/34\/2021\/02\/Team-Camporosso-1024x768.jpg 1024w, https:\/\/comitati.fisi.org\/friuli-venezia-giulia\/wp-content\/uploads\/sites\/34\/2021\/02\/Team-Camporosso-768x576.jpg 768w, https:\/\/comitati.fisi.org\/friuli-venezia-giulia\/wp-content\/uploads\/sites\/34\/2021\/02\/Team-Camporosso-1536x1152.jpg 1536w, https:\/\/comitati.fisi.org\/friuli-venezia-giulia\/wp-content\/uploads\/sites\/34\/2021\/02\/Team-Camporosso-2048x1536.jpg 2048w\" sizes=\"(max-width: 300px) 100vw, 300px\" \/><\/a>\n\t\t\t<\/dt>\n\t\t\t\t<dd class='wp-caption-text gallery-caption' id='gallery-1-76477'>\n\t\t\t\tTEAM US CAMPOROSSO\n\t\t\t\t<\/dd><\/dl>\n\t\t<\/div>\n\n<p>&nbsp;<\/p>\n<p>&nbsp;<\/p>\n","protected":false},"excerpt":{"rendered":"<p>Il primo degli azzurri \u00e8 stato Nicol\u00f2 Molteni, dodicesimo a 0&#8243;62<\/p>\n","protected":false},"author":4,"featured_media":76470,"comment_status":"closed","ping_status":"closed","sticky":false,"template":"","format":"standard","meta":{"_acf_changed":false,"footnotes":""},"categories":[15],"tags":[],"acf":[],"_links":{"self":[{"href":"https:\/\/comitati.fisi.org\/friuli-venezia-giulia\/wp-json\/wp\/v2\/posts\/76468"}],"collection":[{"href":"https:\/\/comitati.fisi.org\/friuli-venezia-giulia\/wp-json\/wp\/v2\/posts"}],"about":[{"href":"https:\/\/comitati.fisi.org\/friuli-venezia-giulia\/wp-json\/wp\/v2\/types\/post"}],"author":[{"embeddable":true,"href":"https:\/\/comitati.fisi.org\/friuli-venezia-giulia\/wp-json\/wp\/v2\/users\/4"}],"replies":[{"embeddable":true,"href":"https:\/\/comitati.fisi.org\/friuli-venezia-giulia\/wp-json\/wp\/v2\/comments?post=76468"}],"version-history":[{"count":0,"href":"https:\/\/comitati.fisi.org\/friuli-venezia-giulia\/wp-json\/wp\/v2\/posts\/76468\/revisions"}],"wp:featuredmedia":[{"embeddable":true,"href":"https:\/\/comitati.fisi.org\/friuli-venezia-giulia\/wp-json\/wp\/v2\/media\/76470"}],"wp:attachment":[{"href":"https:\/\/comitati.fisi.org\/friuli-venezia-giulia\/wp-json\/wp\/v2\/media?parent=76468"}],"wp:term":[{"taxonomy":"category","embeddable":true,"href":"https:\/\/comitati.fisi.org\/friuli-venezia-giulia\/wp-json\/wp\/v2\/categories?post=76468"},{"taxonomy":"post_tag","embeddable":true,"href":"https:\/\/comitati.fisi.org\/friuli-venezia-giulia\/wp-json\/wp\/v2\/tags?post=76468"}],"curies":[{"name":"wp","href":"https:\/\/api.w.org\/{rel}","templated":true}]}}