{"id":76465,"date":"2021-02-24T11:48:33","date_gmt":"2021-02-24T10:48:33","guid":{"rendered":"https:\/\/www.fisifvg.org\/?p=76465"},"modified":"2021-02-24T11:48:33","modified_gmt":"2021-02-24T10:48:33","slug":"gli-azzurri-dello-snowboard-parallelo-preparano-i-mondiali-a-tarvisio","status":"publish","type":"post","link":"https:\/\/comitati.fisi.org\/friuli-venezia-giulia\/blog\/2021\/02\/24\/gli-azzurri-dello-snowboard-parallelo-preparano-i-mondiali-a-tarvisio\/","title":{"rendered":"Gli azzurri dello snowboard Parallelo preparano i Mondiali a Tarvisio"},"content":{"rendered":"<p>Ancora allenamenti degli azzurri sulle piste del Friuli Venezia Giulia: dopo le punte dello sci nostrano Federica Brignone e Marta Bassino sullo Zoncolan durante il periodo dei Mondiali e diverse nazionali straniere dello sci, maschile e femminile, alternatesi sulle piste di Tarvisio lo scorso gennaio, \u00e8 la volta dello snowboard con i campioni della tavola. Dal 25 al 27 febbraio l\u2019Italia dello snowboard sar\u00e0 infatti sulle piste della localit\u00e0 montana del Friuli Venezia Giulia con gli atleti in preparazione dei Mondiali di snowboard, specialit\u00e0 parallelo, di Rogla (Slovenia) in programma l\u20191 e 2 marzo.<br \/>\nLa tre giorni vedr\u00e0 sette atleti di una delle squadre pi\u00f9 forti al mondo, capitanata da Ronald Fischnaller, allenarsi e affinare la preparazione tra i pali di Tarvisio.<\/p>\n<p>Tarvisio \u00e8 stata scelta per gli allenamenti dei campioni azzurri soprattutto per lo stato delle piste, con tracciati all\u2019altezza delle aspettative degli atleti anche di questa disciplina che sta prendendo sempre pi\u00f9 piede, che continuano a prediligere le localit\u00e0 montane della regione FVG proprio per l\u2019eccellenza e la qualit\u00e0 dei percorsi e l\u2019attenzione e il rispetto dei protocolli sanitari.<\/p>\n","protected":false},"excerpt":{"rendered":"<p>Fischnaller e compagni si alleneranno in Friuli in vista dell&#8217;appuntamento iridato dei primi due giorni di marzo nella vicina Rogla, in Slovenia<\/p>\n","protected":false},"author":4,"featured_media":58655,"comment_status":"closed","ping_status":"closed","sticky":false,"template":"","format":"standard","meta":{"_acf_changed":false,"footnotes":""},"categories":[18],"tags":[],"acf":[],"_links":{"self":[{"href":"https:\/\/comitati.fisi.org\/friuli-venezia-giulia\/wp-json\/wp\/v2\/posts\/76465"}],"collection":[{"href":"https:\/\/comitati.fisi.org\/friuli-venezia-giulia\/wp-json\/wp\/v2\/posts"}],"about":[{"href":"https:\/\/comitati.fisi.org\/friuli-venezia-giulia\/wp-json\/wp\/v2\/types\/post"}],"author":[{"embeddable":true,"href":"https:\/\/comitati.fisi.org\/friuli-venezia-giulia\/wp-json\/wp\/v2\/users\/4"}],"replies":[{"embeddable":true,"href":"https:\/\/comitati.fisi.org\/friuli-venezia-giulia\/wp-json\/wp\/v2\/comments?post=76465"}],"version-history":[{"count":0,"href":"https:\/\/comitati.fisi.org\/friuli-venezia-giulia\/wp-json\/wp\/v2\/posts\/76465\/revisions"}],"wp:featuredmedia":[{"embeddable":true,"href":"https:\/\/comitati.fisi.org\/friuli-venezia-giulia\/wp-json\/wp\/v2\/media\/58655"}],"wp:attachment":[{"href":"https:\/\/comitati.fisi.org\/friuli-venezia-giulia\/wp-json\/wp\/v2\/media?parent=76465"}],"wp:term":[{"taxonomy":"category","embeddable":true,"href":"https:\/\/comitati.fisi.org\/friuli-venezia-giulia\/wp-json\/wp\/v2\/categories?post=76465"},{"taxonomy":"post_tag","embeddable":true,"href":"https:\/\/comitati.fisi.org\/friuli-venezia-giulia\/wp-json\/wp\/v2\/tags?post=76465"}],"curies":[{"name":"wp","href":"https:\/\/api.w.org\/{rel}","templated":true}]}}