{"id":76402,"date":"2021-02-23T14:26:10","date_gmt":"2021-02-23T13:26:10","guid":{"rendered":"https:\/\/www.fisifvg.org\/?p=76402"},"modified":"2021-02-23T14:26:10","modified_gmt":"2021-02-23T13:26:10","slug":"sella-nevea-si-prepara-alla-prima-discesa-di-coppa-europa-oggi-in-prova-spicca-ancora-schuller","status":"publish","type":"post","link":"https:\/\/comitati.fisi.org\/friuli-venezia-giulia\/blog\/2021\/02\/23\/sella-nevea-si-prepara-alla-prima-discesa-di-coppa-europa-oggi-in-prova-spicca-ancora-schuller\/","title":{"rendered":"Sella Nevea si prepara alla prima discesa di Coppa Europa, oggi in prova spicca ancora Schuller"},"content":{"rendered":"<p><span style=\"font-weight: 400\">L\u2019attesa \u00e8 terminata e gli atleti sono pronti per giocarsi le proprie chance di vittoria. Mercoled\u00ec 24 febbraio, alle 10.30, si terr\u00e0 la gara di discesa maschile, competizione d\u2019apertura della tappa di Coppa Europa di sci alpino organizzata a Sella Nevea dall\u2019US Camporosso. Il giorno successivo, gioved\u00ec 25 febbraio, si replicher\u00e0 con un\u2019altra discesa. <\/span><\/p>\n<p><span style=\"font-weight: 400\">Questa mattina invece si \u00e8 conclusa la due giorni di prove cronometrate, che hanno visto al via una novantina di sciatori provenienti da 16 paesi. Anche quest\u2019oggi il miglior tempo l\u2019ha timbrato <\/span><b>il francese Victor Schuller <\/b><span style=\"font-weight: 400\">con il crono di 1\u201904\u201d90. Il transalpino, seconda nella classifica di specialit\u00e0, sar\u00e0 tra i pi\u00f9 seri candidati alla vittoria domani, ma dovr\u00e0 ben guardarsi le spalle da una nutrita pattuglia di atleti che hanno chiuso le discese di training alle sue spalle ma con distacchi risicati. Tra questi saranno da tenere d\u2019occhio principalmente lo svedese Olle Sundin, lo statunitense Erik Arvidsson e gli austriaci Maximilian Lahnsteiner <em><strong>(nella foto di copertina<\/strong><\/em>), <\/span><span style=\"font-weight: 400\">leader della graduatoria generale di Coppa, e Raphael Hasser, che gi\u00e0 lo scorso anno ha dimostrato di sentirsi a suo agio sull\u2019insidioso pendio della pista Canin. In chiave italiana le speranze sono riposte principalmente sulla coppia formata da Nicolo Molteni e Federico Piani.<\/span><\/p>\n<p><i><span style=\"font-weight: 400\">&#8220;Dopo due giorni di training, ci misureremo domani con la gara vera e propria &#8211; dice <b>Damiano Matiz, presidente dell&#8217;US Camporosso e direttore di gara -. <\/b>Gli atleti hanno conosciuto il tracciato, la pista, le sue peculiarit\u00e0. La macchina organizzativa ha svolto un lavoro ineccepibile. Auguro a tutti una fantastica Discesa Libera per domani. Per gli atleti, in particolare, auspico una gara ricca di risultati e ottime performance.&#8221;\u00a0<\/span><\/i><\/p>\n<p><span style=\"font-weight: 400\">Anche quest\u2019anno la pista \u00e8 stata preparata nei minimi dettagli dagli organizzatori, che hanno ricevuto alla vigilia delle due discese libere il plauso del <\/span><b>responsabile della Coppa Europa Wim Rossel (FIS<\/b><span style=\"font-weight: 400\">).<\/span><\/p>\n<p><span style=\"font-weight: 400\">Ma domani oltre alle prime sfide per salire sul gradino pi\u00f9 alto del podio, avr\u00e0 luogo l\u2019atteso momento dedicato a <\/span><b>Food for Skiers<\/b><span style=\"font-weight: 400\">, un progetto ideato dall\u2019US Camporosso per testimoniare, con un disegno ancora pi\u00f9 ampio, la calorosa accoglienza della Regione Friuli Venezia Giulia a tutte le squadre.<\/span><\/p>\n<p><span style=\"font-weight: 400\">Lo scorso anno, in occasione della cena <\/span><b>Food for Skiers,<\/b><span style=\"font-weight: 400\"> alle delegazioni internazionali \u00e8 stata offerta l\u2019occasione di testare i prodotti locali, immergendosi cos\u00ec nella cultura del luogo a tutto tondo.\u00a0\u00a0<\/span><span style=\"font-weight: 400\">Per ovvi motivi legati al Covid, quest\u2019anno il progetto Food for Skiers cambia fisionomia e si trasforma.\u00a0<\/span><\/p>\n<p><span style=\"font-weight: 400\">Grazie alla collaborazione con <\/span><b>PromoturismoFVG<\/b><span style=\"font-weight: 400\">\u2013Settore enogastronomia, e Harri\u2019s Piccolo, con gli chef <\/span><b>Matteo Metullio e Davide de Pr\u00e0<\/b><span style=\"font-weight: 400\">, ogni caposquadra ricever\u00e0 un \u201c<\/span><b>box<\/b><span style=\"font-weight: 400\">\u201d con i prodotti locali da consumarsi durante la competizione e che comprendono i prodotti tipici del Friuli Venezia Giulia (Prosciutto San Daniele,\u00a0 Formaggio Montasio e vino del Consorzio delle DOC) e la barretta proteica pensata dagli chef stellati, che verr\u00e0 accompagnata da una crema spalmabile alla nocciola, sempre di loro creazione. Zuccheri di rapido utilizzo e ingredienti di prima qualit\u00e0 per un\u2019ideale merenda dello sciatore. Gli chef Metullio e De Pr\u00e0 hanno alle spalle anche un passato agonistico (il secondo \u00e8 stato anche allenatore) nello sci e pertanto non ci sono dubbi sul fatto che abbiano incrociato con maestria il loro mestiere in cucina con il loro passato sugli sci.<\/span><\/p>\n<p><span style=\"font-weight: 400\">&#8220;Lo sport \u00e8 anche cultura, modo di vivere, accoglienza, legami con il territorio &#8211; dicono dall&#8217;US Camporosso -. Oltre alla preparazione tecnica ineccepibile delle competizioni internazionali che coadiuvano molti volontari e tecnici, si pensi solo al cerimoniere di premiazione, alla squadra dei lisciatori, agli allestitori, la nostra societ\u00e0 sportiva ha una visione pi\u00f9 ampia e partecipata dell\u2019organizzazione che comprende anche regalare un\u2019esperienza specifica alle delegazioni estere che visitano la nostra terra, anche per motivi sportivi&#8221;.<\/span><\/p>\n<p><a href=\"http:\/\/comitati.fisi.org\/friuli-venezia-giulia\/wp-content\/uploads\/sites\/34\/2021\/02\/RS.23.2.pdf\">CLASSIFICA SECONDA PROVA<\/a><\/p>\n<p><a href=\"http:\/\/comitati.fisi.org\/friuli-venezia-giulia\/wp-content\/uploads\/sites\/34\/2021\/02\/SL.24.2.pdf\">START LIST DISCESA MERCOLED\u00cc<\/a><br \/>\n<a href=\"http:\/\/comitati.fisi.org\/friuli-venezia-giulia\/wp-content\/uploads\/sites\/34\/2021\/02\/Sella-Nevea-DH-1.pdf\">PROGRAMMA MERCOLED\u00cc<\/a><\/p>\n<p style=\"text-align: center\"><strong>FOTOGALLERY<\/strong><\/p>\n<div id='gallery-1' class='gallery galleryid-76402 gallery-columns-1 gallery-size-medium'><dl class='gallery-item'>\n\t\t\t<dt class='gallery-icon landscape'>\n\t\t\t\t<a href='https:\/\/comitati.fisi.org\/friuli-venezia-giulia\/blog\/2021\/02\/23\/sella-nevea-si-prepara-alla-prima-discesa-di-coppa-europa-oggi-in-prova-spicca-ancora-schuller\/laustriaco-stefan-eichberger\/'><img loading=\"lazy\" decoding=\"async\" width=\"300\" height=\"199\" src=\"https:\/\/comitati.fisi.org\/friuli-venezia-giulia\/wp-content\/uploads\/sites\/34\/2021\/02\/Laustriaco-Stefan-Eichberger-300x199.jpg\" class=\"attachment-medium size-medium\" alt=\"\" aria-describedby=\"gallery-1-76405\" srcset=\"https:\/\/comitati.fisi.org\/friuli-venezia-giulia\/wp-content\/uploads\/sites\/34\/2021\/02\/Laustriaco-Stefan-Eichberger-300x199.jpg 300w, https:\/\/comitati.fisi.org\/friuli-venezia-giulia\/wp-content\/uploads\/sites\/34\/2021\/02\/Laustriaco-Stefan-Eichberger-1024x680.jpg 1024w, https:\/\/comitati.fisi.org\/friuli-venezia-giulia\/wp-content\/uploads\/sites\/34\/2021\/02\/Laustriaco-Stefan-Eichberger-768x510.jpg 768w, https:\/\/comitati.fisi.org\/friuli-venezia-giulia\/wp-content\/uploads\/sites\/34\/2021\/02\/Laustriaco-Stefan-Eichberger-1536x1020.jpg 1536w, https:\/\/comitati.fisi.org\/friuli-venezia-giulia\/wp-content\/uploads\/sites\/34\/2021\/02\/Laustriaco-Stefan-Eichberger-2048x1360.jpg 2048w\" sizes=\"(max-width: 300px) 100vw, 300px\" \/><\/a>\n\t\t\t<\/dt>\n\t\t\t\t<dd class='wp-caption-text gallery-caption' id='gallery-1-76405'>\n\t\t\t\tStefan Eichberger\n\t\t\t\t<\/dd><\/dl><dl class='gallery-item'>\n\t\t\t<dt class='gallery-icon landscape'>\n\t\t\t\t<a href='https:\/\/comitati.fisi.org\/friuli-venezia-giulia\/blog\/2021\/02\/23\/sella-nevea-si-prepara-alla-prima-discesa-di-coppa-europa-oggi-in-prova-spicca-ancora-schuller\/litaliano-nicolo-molteni\/'><img loading=\"lazy\" decoding=\"async\" width=\"300\" height=\"199\" src=\"https:\/\/comitati.fisi.org\/friuli-venezia-giulia\/wp-content\/uploads\/sites\/34\/2021\/02\/Litaliano-Nicolo-Molteni-300x199.jpg\" class=\"attachment-medium size-medium\" alt=\"\" aria-describedby=\"gallery-1-76406\" srcset=\"https:\/\/comitati.fisi.org\/friuli-venezia-giulia\/wp-content\/uploads\/sites\/34\/2021\/02\/Litaliano-Nicolo-Molteni-300x199.jpg 300w, https:\/\/comitati.fisi.org\/friuli-venezia-giulia\/wp-content\/uploads\/sites\/34\/2021\/02\/Litaliano-Nicolo-Molteni-1024x680.jpg 1024w, https:\/\/comitati.fisi.org\/friuli-venezia-giulia\/wp-content\/uploads\/sites\/34\/2021\/02\/Litaliano-Nicolo-Molteni-768x510.jpg 768w, https:\/\/comitati.fisi.org\/friuli-venezia-giulia\/wp-content\/uploads\/sites\/34\/2021\/02\/Litaliano-Nicolo-Molteni-1536x1020.jpg 1536w, https:\/\/comitati.fisi.org\/friuli-venezia-giulia\/wp-content\/uploads\/sites\/34\/2021\/02\/Litaliano-Nicolo-Molteni-2048x1360.jpg 2048w\" sizes=\"(max-width: 300px) 100vw, 300px\" \/><\/a>\n\t\t\t<\/dt>\n\t\t\t\t<dd class='wp-caption-text gallery-caption' id='gallery-1-76406'>\n\t\t\t\tNicolo Molteni\n\t\t\t\t<\/dd><\/dl><dl class='gallery-item'>\n\t\t\t<dt class='gallery-icon landscape'>\n\t\t\t\t<a href='https:\/\/comitati.fisi.org\/friuli-venezia-giulia\/blog\/2021\/02\/23\/sella-nevea-si-prepara-alla-prima-discesa-di-coppa-europa-oggi-in-prova-spicca-ancora-schuller\/un-primo-piano-dello-svizzero-arnaud-boisset\/'><img loading=\"lazy\" decoding=\"async\" width=\"300\" height=\"199\" src=\"https:\/\/comitati.fisi.org\/friuli-venezia-giulia\/wp-content\/uploads\/sites\/34\/2021\/02\/Un-primo-piano-dello-svizzero-Arnaud-Boisset-300x199.jpg\" class=\"attachment-medium size-medium\" alt=\"\" aria-describedby=\"gallery-1-76407\" srcset=\"https:\/\/comitati.fisi.org\/friuli-venezia-giulia\/wp-content\/uploads\/sites\/34\/2021\/02\/Un-primo-piano-dello-svizzero-Arnaud-Boisset-300x199.jpg 300w, https:\/\/comitati.fisi.org\/friuli-venezia-giulia\/wp-content\/uploads\/sites\/34\/2021\/02\/Un-primo-piano-dello-svizzero-Arnaud-Boisset-1024x680.jpg 1024w, https:\/\/comitati.fisi.org\/friuli-venezia-giulia\/wp-content\/uploads\/sites\/34\/2021\/02\/Un-primo-piano-dello-svizzero-Arnaud-Boisset-768x510.jpg 768w, https:\/\/comitati.fisi.org\/friuli-venezia-giulia\/wp-content\/uploads\/sites\/34\/2021\/02\/Un-primo-piano-dello-svizzero-Arnaud-Boisset-1536x1020.jpg 1536w, https:\/\/comitati.fisi.org\/friuli-venezia-giulia\/wp-content\/uploads\/sites\/34\/2021\/02\/Un-primo-piano-dello-svizzero-Arnaud-Boisset-2048x1360.jpg 2048w\" sizes=\"(max-width: 300px) 100vw, 300px\" \/><\/a>\n\t\t\t<\/dt>\n\t\t\t\t<dd class='wp-caption-text gallery-caption' id='gallery-1-76407'>\n\t\t\t\tArnaud Boisset\n\t\t\t\t<\/dd><\/dl><dl class='gallery-item'>\n\t\t\t<dt class='gallery-icon landscape'>\n\t\t\t\t<a href='https:\/\/comitati.fisi.org\/friuli-venezia-giulia\/blog\/2021\/02\/23\/sella-nevea-si-prepara-alla-prima-discesa-di-coppa-europa-oggi-in-prova-spicca-ancora-schuller\/un-primo-piano-dello-svizzero-gilles-roulin\/'><img loading=\"lazy\" decoding=\"async\" width=\"300\" height=\"199\" src=\"https:\/\/comitati.fisi.org\/friuli-venezia-giulia\/wp-content\/uploads\/sites\/34\/2021\/02\/Un-primo-piano-dello-svizzero-Gilles-Roulin-300x199.jpg\" class=\"attachment-medium size-medium\" alt=\"\" aria-describedby=\"gallery-1-76408\" srcset=\"https:\/\/comitati.fisi.org\/friuli-venezia-giulia\/wp-content\/uploads\/sites\/34\/2021\/02\/Un-primo-piano-dello-svizzero-Gilles-Roulin-300x199.jpg 300w, https:\/\/comitati.fisi.org\/friuli-venezia-giulia\/wp-content\/uploads\/sites\/34\/2021\/02\/Un-primo-piano-dello-svizzero-Gilles-Roulin-1024x680.jpg 1024w, https:\/\/comitati.fisi.org\/friuli-venezia-giulia\/wp-content\/uploads\/sites\/34\/2021\/02\/Un-primo-piano-dello-svizzero-Gilles-Roulin-768x510.jpg 768w, https:\/\/comitati.fisi.org\/friuli-venezia-giulia\/wp-content\/uploads\/sites\/34\/2021\/02\/Un-primo-piano-dello-svizzero-Gilles-Roulin-1536x1020.jpg 1536w, https:\/\/comitati.fisi.org\/friuli-venezia-giulia\/wp-content\/uploads\/sites\/34\/2021\/02\/Un-primo-piano-dello-svizzero-Gilles-Roulin-2048x1360.jpg 2048w\" sizes=\"(max-width: 300px) 100vw, 300px\" \/><\/a>\n\t\t\t<\/dt>\n\t\t\t\t<dd class='wp-caption-text gallery-caption' id='gallery-1-76408'>\n\t\t\t\tGilles Roulin\n\t\t\t\t<\/dd><\/dl><dl class='gallery-item'>\n\t\t\t<dt class='gallery-icon landscape'>\n\t\t\t\t<a href='https:\/\/comitati.fisi.org\/friuli-venezia-giulia\/blog\/2021\/02\/23\/sella-nevea-si-prepara-alla-prima-discesa-di-coppa-europa-oggi-in-prova-spicca-ancora-schuller\/laustriaco-e-leader-della-classifica-generale-di-coppa-europa-maximilian-lahnsteiner\/'><img loading=\"lazy\" decoding=\"async\" width=\"300\" height=\"199\" src=\"https:\/\/comitati.fisi.org\/friuli-venezia-giulia\/wp-content\/uploads\/sites\/34\/2021\/02\/Laustriaco-e-leader-della-classifica-generale-di-Coppa-Europa-Maximilian-Lahnsteiner-300x199.jpg\" class=\"attachment-medium size-medium\" alt=\"\" aria-describedby=\"gallery-1-76409\" srcset=\"https:\/\/comitati.fisi.org\/friuli-venezia-giulia\/wp-content\/uploads\/sites\/34\/2021\/02\/Laustriaco-e-leader-della-classifica-generale-di-Coppa-Europa-Maximilian-Lahnsteiner-300x199.jpg 300w, https:\/\/comitati.fisi.org\/friuli-venezia-giulia\/wp-content\/uploads\/sites\/34\/2021\/02\/Laustriaco-e-leader-della-classifica-generale-di-Coppa-Europa-Maximilian-Lahnsteiner-1024x680.jpg 1024w, https:\/\/comitati.fisi.org\/friuli-venezia-giulia\/wp-content\/uploads\/sites\/34\/2021\/02\/Laustriaco-e-leader-della-classifica-generale-di-Coppa-Europa-Maximilian-Lahnsteiner-768x510.jpg 768w, https:\/\/comitati.fisi.org\/friuli-venezia-giulia\/wp-content\/uploads\/sites\/34\/2021\/02\/Laustriaco-e-leader-della-classifica-generale-di-Coppa-Europa-Maximilian-Lahnsteiner-1536x1020.jpg 1536w, https:\/\/comitati.fisi.org\/friuli-venezia-giulia\/wp-content\/uploads\/sites\/34\/2021\/02\/Laustriaco-e-leader-della-classifica-generale-di-Coppa-Europa-Maximilian-Lahnsteiner-2048x1360.jpg 2048w\" sizes=\"(max-width: 300px) 100vw, 300px\" \/><\/a>\n\t\t\t<\/dt>\n\t\t\t\t<dd class='wp-caption-text gallery-caption' id='gallery-1-76409'>\n\t\t\t\tMaximilian Lahnsteiner\n\t\t\t\t<\/dd><\/dl><dl class='gallery-item'>\n\t\t\t<dt class='gallery-icon landscape'>\n\t\t\t\t<a href='https:\/\/comitati.fisi.org\/friuli-venezia-giulia\/blog\/2021\/02\/23\/sella-nevea-si-prepara-alla-prima-discesa-di-coppa-europa-oggi-in-prova-spicca-ancora-schuller\/la-zona-darrivo\/'><img loading=\"lazy\" decoding=\"async\" width=\"300\" height=\"199\" src=\"https:\/\/comitati.fisi.org\/friuli-venezia-giulia\/wp-content\/uploads\/sites\/34\/2021\/02\/La-zona-darrivo-300x199.jpg\" class=\"attachment-medium size-medium\" alt=\"\" aria-describedby=\"gallery-1-76414\" srcset=\"https:\/\/comitati.fisi.org\/friuli-venezia-giulia\/wp-content\/uploads\/sites\/34\/2021\/02\/La-zona-darrivo-300x199.jpg 300w, https:\/\/comitati.fisi.org\/friuli-venezia-giulia\/wp-content\/uploads\/sites\/34\/2021\/02\/La-zona-darrivo-1024x680.jpg 1024w, https:\/\/comitati.fisi.org\/friuli-venezia-giulia\/wp-content\/uploads\/sites\/34\/2021\/02\/La-zona-darrivo-768x510.jpg 768w, https:\/\/comitati.fisi.org\/friuli-venezia-giulia\/wp-content\/uploads\/sites\/34\/2021\/02\/La-zona-darrivo-1536x1020.jpg 1536w, https:\/\/comitati.fisi.org\/friuli-venezia-giulia\/wp-content\/uploads\/sites\/34\/2021\/02\/La-zona-darrivo-2048x1360.jpg 2048w\" sizes=\"(max-width: 300px) 100vw, 300px\" \/><\/a>\n\t\t\t<\/dt>\n\t\t\t\t<dd class='wp-caption-text gallery-caption' id='gallery-1-76414'>\n\t\t\t\tLa zona d&#8217;arrivo\n\t\t\t\t<\/dd><\/dl><dl class='gallery-item'>\n\t\t\t<dt class='gallery-icon landscape'>\n\t\t\t\t<a href='https:\/\/comitati.fisi.org\/friuli-venezia-giulia\/blog\/2021\/02\/23\/sella-nevea-si-prepara-alla-prima-discesa-di-coppa-europa-oggi-in-prova-spicca-ancora-schuller\/foto-dal-gilberti\/'><img loading=\"lazy\" decoding=\"async\" width=\"300\" height=\"199\" src=\"https:\/\/comitati.fisi.org\/friuli-venezia-giulia\/wp-content\/uploads\/sites\/34\/2021\/02\/Foto-dal-Gilberti-300x199.jpg\" class=\"attachment-medium size-medium\" alt=\"\" aria-describedby=\"gallery-1-76413\" srcset=\"https:\/\/comitati.fisi.org\/friuli-venezia-giulia\/wp-content\/uploads\/sites\/34\/2021\/02\/Foto-dal-Gilberti-300x199.jpg 300w, https:\/\/comitati.fisi.org\/friuli-venezia-giulia\/wp-content\/uploads\/sites\/34\/2021\/02\/Foto-dal-Gilberti-1024x680.jpg 1024w, https:\/\/comitati.fisi.org\/friuli-venezia-giulia\/wp-content\/uploads\/sites\/34\/2021\/02\/Foto-dal-Gilberti-768x510.jpg 768w, https:\/\/comitati.fisi.org\/friuli-venezia-giulia\/wp-content\/uploads\/sites\/34\/2021\/02\/Foto-dal-Gilberti-1536x1020.jpg 1536w, https:\/\/comitati.fisi.org\/friuli-venezia-giulia\/wp-content\/uploads\/sites\/34\/2021\/02\/Foto-dal-Gilberti-2048x1360.jpg 2048w\" sizes=\"(max-width: 300px) 100vw, 300px\" \/><\/a>\n\t\t\t<\/dt>\n\t\t\t\t<dd class='wp-caption-text gallery-caption' id='gallery-1-76413'>\n\t\t\t\tPanoramica dal Rifugio Giberti\n\t\t\t\t<\/dd><\/dl><dl class='gallery-item'>\n\t\t\t<dt class='gallery-icon portrait'>\n\t\t\t\t<a href='https:\/\/comitati.fisi.org\/friuli-venezia-giulia\/blog\/2021\/02\/23\/sella-nevea-si-prepara-alla-prima-discesa-di-coppa-europa-oggi-in-prova-spicca-ancora-schuller\/lo-statunitense-erik-arvidsson\/'><img loading=\"lazy\" decoding=\"async\" width=\"199\" height=\"300\" src=\"https:\/\/comitati.fisi.org\/friuli-venezia-giulia\/wp-content\/uploads\/sites\/34\/2021\/02\/Lo-statunitense-Erik-Arvidsson-rotated-1-199x300.jpg\" class=\"attachment-medium size-medium\" alt=\"\" aria-describedby=\"gallery-1-76410\" srcset=\"https:\/\/comitati.fisi.org\/friuli-venezia-giulia\/wp-content\/uploads\/sites\/34\/2021\/02\/Lo-statunitense-Erik-Arvidsson-rotated-1-199x300.jpg 199w, https:\/\/comitati.fisi.org\/friuli-venezia-giulia\/wp-content\/uploads\/sites\/34\/2021\/02\/Lo-statunitense-Erik-Arvidsson-rotated-1-680x1024.jpg 680w, https:\/\/comitati.fisi.org\/friuli-venezia-giulia\/wp-content\/uploads\/sites\/34\/2021\/02\/Lo-statunitense-Erik-Arvidsson-rotated-1-768x1156.jpg 768w, https:\/\/comitati.fisi.org\/friuli-venezia-giulia\/wp-content\/uploads\/sites\/34\/2021\/02\/Lo-statunitense-Erik-Arvidsson-rotated-1-1020x1536.jpg 1020w, https:\/\/comitati.fisi.org\/friuli-venezia-giulia\/wp-content\/uploads\/sites\/34\/2021\/02\/Lo-statunitense-Erik-Arvidsson-rotated-1-1360x2048.jpg 1360w, https:\/\/comitati.fisi.org\/friuli-venezia-giulia\/wp-content\/uploads\/sites\/34\/2021\/02\/Lo-statunitense-Erik-Arvidsson-rotated-1-scaled.jpg 1700w\" sizes=\"(max-width: 199px) 100vw, 199px\" \/><\/a>\n\t\t\t<\/dt>\n\t\t\t\t<dd class='wp-caption-text gallery-caption' id='gallery-1-76410'>\n\t\t\t\tErik Arvidsson\n\t\t\t\t<\/dd><\/dl><dl class='gallery-item'>\n\t\t\t<dt class='gallery-icon portrait'>\n\t\t\t\t<a href='https:\/\/comitati.fisi.org\/friuli-venezia-giulia\/blog\/2021\/02\/23\/sella-nevea-si-prepara-alla-prima-discesa-di-coppa-europa-oggi-in-prova-spicca-ancora-schuller\/lo-svizzero-yannick-chabloz\/'><img loading=\"lazy\" decoding=\"async\" width=\"199\" height=\"300\" src=\"https:\/\/comitati.fisi.org\/friuli-venezia-giulia\/wp-content\/uploads\/sites\/34\/2021\/02\/Lo-svizzero-Yannick-Chabloz-rotated-1-199x300.jpg\" class=\"attachment-medium size-medium\" alt=\"\" aria-describedby=\"gallery-1-76411\" srcset=\"https:\/\/comitati.fisi.org\/friuli-venezia-giulia\/wp-content\/uploads\/sites\/34\/2021\/02\/Lo-svizzero-Yannick-Chabloz-rotated-1-199x300.jpg 199w, https:\/\/comitati.fisi.org\/friuli-venezia-giulia\/wp-content\/uploads\/sites\/34\/2021\/02\/Lo-svizzero-Yannick-Chabloz-rotated-1-680x1024.jpg 680w, https:\/\/comitati.fisi.org\/friuli-venezia-giulia\/wp-content\/uploads\/sites\/34\/2021\/02\/Lo-svizzero-Yannick-Chabloz-rotated-1-768x1156.jpg 768w, https:\/\/comitati.fisi.org\/friuli-venezia-giulia\/wp-content\/uploads\/sites\/34\/2021\/02\/Lo-svizzero-Yannick-Chabloz-rotated-1-1020x1536.jpg 1020w, https:\/\/comitati.fisi.org\/friuli-venezia-giulia\/wp-content\/uploads\/sites\/34\/2021\/02\/Lo-svizzero-Yannick-Chabloz-rotated-1-1360x2048.jpg 1360w, https:\/\/comitati.fisi.org\/friuli-venezia-giulia\/wp-content\/uploads\/sites\/34\/2021\/02\/Lo-svizzero-Yannick-Chabloz-rotated-1-scaled.jpg 1700w\" sizes=\"(max-width: 199px) 100vw, 199px\" \/><\/a>\n\t\t\t<\/dt>\n\t\t\t\t<dd class='wp-caption-text gallery-caption' id='gallery-1-76411'>\n\t\t\t\t Yannick Chabloz\n\t\t\t\t<\/dd><\/dl><dl class='gallery-item'>\n\t\t\t<dt class='gallery-icon portrait'>\n\t\t\t\t<a href='https:\/\/comitati.fisi.org\/friuli-venezia-giulia\/blog\/2021\/02\/23\/sella-nevea-si-prepara-alla-prima-discesa-di-coppa-europa-oggi-in-prova-spicca-ancora-schuller\/lo-statunitense-sam-morse\/'><img loading=\"lazy\" decoding=\"async\" width=\"199\" height=\"300\" src=\"https:\/\/comitati.fisi.org\/friuli-venezia-giulia\/wp-content\/uploads\/sites\/34\/2021\/02\/Lo-statunitense-Sam-Morse-rotated-1-199x300.jpg\" class=\"attachment-medium size-medium\" alt=\"\" aria-describedby=\"gallery-1-76412\" srcset=\"https:\/\/comitati.fisi.org\/friuli-venezia-giulia\/wp-content\/uploads\/sites\/34\/2021\/02\/Lo-statunitense-Sam-Morse-rotated-1-199x300.jpg 199w, https:\/\/comitati.fisi.org\/friuli-venezia-giulia\/wp-content\/uploads\/sites\/34\/2021\/02\/Lo-statunitense-Sam-Morse-rotated-1-680x1024.jpg 680w, https:\/\/comitati.fisi.org\/friuli-venezia-giulia\/wp-content\/uploads\/sites\/34\/2021\/02\/Lo-statunitense-Sam-Morse-rotated-1-768x1156.jpg 768w, https:\/\/comitati.fisi.org\/friuli-venezia-giulia\/wp-content\/uploads\/sites\/34\/2021\/02\/Lo-statunitense-Sam-Morse-rotated-1-1020x1536.jpg 1020w, https:\/\/comitati.fisi.org\/friuli-venezia-giulia\/wp-content\/uploads\/sites\/34\/2021\/02\/Lo-statunitense-Sam-Morse-rotated-1-1360x2048.jpg 1360w, https:\/\/comitati.fisi.org\/friuli-venezia-giulia\/wp-content\/uploads\/sites\/34\/2021\/02\/Lo-statunitense-Sam-Morse-rotated-1-scaled.jpg 1700w\" sizes=\"(max-width: 199px) 100vw, 199px\" \/><\/a>\n\t\t\t<\/dt>\n\t\t\t\t<dd class='wp-caption-text gallery-caption' id='gallery-1-76412'>\n\t\t\t\tSam Morse\n\t\t\t\t<\/dd><\/dl>\n\t\t<\/div>\n\n","protected":false},"excerpt":{"rendered":"<p>Oltre alle sfide in pista, mercoled\u00ec avr\u00e0 luogo l\u2019atteso momento dedicato a Food for Skiers, per testimoniare la calorosa accoglienza della Regione FVG a tutte le squadre<\/p>\n","protected":false},"author":4,"featured_media":76403,"comment_status":"closed","ping_status":"closed","sticky":false,"template":"","format":"standard","meta":{"_acf_changed":false,"footnotes":""},"categories":[15],"tags":[],"acf":[],"_links":{"self":[{"href":"https:\/\/comitati.fisi.org\/friuli-venezia-giulia\/wp-json\/wp\/v2\/posts\/76402"}],"collection":[{"href":"https:\/\/comitati.fisi.org\/friuli-venezia-giulia\/wp-json\/wp\/v2\/posts"}],"about":[{"href":"https:\/\/comitati.fisi.org\/friuli-venezia-giulia\/wp-json\/wp\/v2\/types\/post"}],"author":[{"embeddable":true,"href":"https:\/\/comitati.fisi.org\/friuli-venezia-giulia\/wp-json\/wp\/v2\/users\/4"}],"replies":[{"embeddable":true,"href":"https:\/\/comitati.fisi.org\/friuli-venezia-giulia\/wp-json\/wp\/v2\/comments?post=76402"}],"version-history":[{"count":0,"href":"https:\/\/comitati.fisi.org\/friuli-venezia-giulia\/wp-json\/wp\/v2\/posts\/76402\/revisions"}],"wp:featuredmedia":[{"embeddable":true,"href":"https:\/\/comitati.fisi.org\/friuli-venezia-giulia\/wp-json\/wp\/v2\/media\/76403"}],"wp:attachment":[{"href":"https:\/\/comitati.fisi.org\/friuli-venezia-giulia\/wp-json\/wp\/v2\/media?parent=76402"}],"wp:term":[{"taxonomy":"category","embeddable":true,"href":"https:\/\/comitati.fisi.org\/friuli-venezia-giulia\/wp-json\/wp\/v2\/categories?post=76402"},{"taxonomy":"post_tag","embeddable":true,"href":"https:\/\/comitati.fisi.org\/friuli-venezia-giulia\/wp-json\/wp\/v2\/tags?post=76402"}],"curies":[{"name":"wp","href":"https:\/\/api.w.org\/{rel}","templated":true}]}}