{"id":76395,"date":"2021-02-23T11:02:55","date_gmt":"2021-02-23T10:02:55","guid":{"rendered":"https:\/\/www.fisifvg.org\/?p=76395"},"modified":"2021-02-23T11:02:55","modified_gmt":"2021-02-23T10:02:55","slug":"comunicazione-sullimportazione-dei-file-matrix-da-parte-delle-societa-organizzatrici-2","status":"publish","type":"post","link":"https:\/\/comitati.fisi.org\/friuli-venezia-giulia\/blog\/2021\/02\/23\/comunicazione-sullimportazione-dei-file-matrix-da-parte-delle-societa-organizzatrici-2\/","title":{"rendered":"Comunicazione sull&#8217;importazione dei file Matrix da parte delle societ\u00e0 organizzatrici"},"content":{"rendered":"<p><em><strong>Pubblichiamo un&#8217;importante comunicazione da parte del CED, il Centro Elaborazione Dati della FISI.<\/strong><\/em><\/p>\n<p>Come da comunicazione del 14\/11\/2019 e successiva del 21\/01\/2021 di pari oggetto, ricordiamo che in FisiOnline &#8211; men\u00f9 Gestionale Sportivo, sezione Risultati &#8211; \u00e8 operativo il modulo <strong><span style=\"color: #ff0000\">Carica File Matrix<\/span><\/strong>, che consente alle\u00a0<strong>Societ\u00e0 Organizzatrici\u00a0<\/strong>delle manifestazioni, e ai rispettivi\u00a0<strong>Comitati Regionali\u00a0<\/strong>gestori, di <strong>caricare direttamente a sistema i file Matrix delle &#8220;classifiche gara&#8221;.<\/strong><\/p>\n<p>Il modulo\u00a0<strong><span style=\"color: #ff0000\">Carica File Matrix<\/span><\/strong>\u00a0\u00e8 stato implementato con una\u00a0<strong>nuova ed importante funzionalit\u00e0<\/strong>, che consente al sistema di\u00a0<strong>acquisire fisicamente<\/strong>\u00a0i file Matrix correttamente caricati, cos\u00ec da averne sempre una copia a disposizione nella sezione Risultati.<\/p>\n<p>A conclusione di ogni singola gara in programma le Societ\u00e0 Organizzatrici\u00a0<em>(o i rispettivi Comitati Regionali gestori)<\/em>\u00a0dovranno caricare con immediatezza i corrispondenti file Matrix\u00a0<em>(ove previsti)<\/em>, affinch\u00e9:<\/p>\n<p><strong>1)<\/strong>\u00a0 I risultati agonistici degli atleti\u00a0<em>(classifiche gara)<\/em>\u00a0<strong>siano subito disponibili\u00a0<\/strong>in FisiOnline, nell&#8217;OnlinePubblico e nell&#8217;MyAPP FISI.<\/p>\n<p><strong>2)<\/strong>\u00a0 Siano\u00a0<strong>rispettati i termini richiesti dal Registro CONI 2.0\u00a0<\/strong>per l&#8217;invio, da parte della Federazione, dei dati relativi alle manifestazioni, alle gare e ai risultati agonistici degli atleti\u00a0<em>(30 giorni, dopo i quali non sar\u00e0 pi\u00f9 possibile inviare alcun dato &#8211; mancato riconoscimento dell&#8217;attivit\u00e0 sportiva alle Societ\u00e0 di appartenenza degli atleti in classifica)<\/em>.<\/p>\n<p><strong><u><span style=\"color: #ff0000\"><br \/>\n<\/span><\/u><span style=\"color: #ff0000\">Precisazioni Importanti<\/span><\/strong><\/p>\n<p>a)\u00a0 I file Matrix\u00a0<span style=\"color: #ff0000\"><strong>non dovranno<\/strong>\u00a0pi\u00f9 essere trasmessi all&#8217;Ufficio Punteggi FISI<\/span>\u00a0se sono gi\u00e0 stati\u00a0<span style=\"color: #ff0000\">caricati<\/span>\u00a0in FisiOnline\u00a0<em>(perch\u00e9 acquisiti direttamente dal sistema: nuova funzionalit\u00e0)<\/em>.<\/p>\n<p>b)\u00a0 I file Matrix\u00a0<span style=\"color: #ff0000\"><strong>dovranno<\/strong>\u00a0essere trasmessi all&#8217;Ufficio Punteggi FISI<\/span>\u00a0solo ed esclusivamente per la\u00a0<span style=\"color: #ff0000\">sostituzione di classifiche gi\u00e0 caricate in FisiOnline<\/span>, a seguito di riscontro di errori\u00a0<em>(punti sbagliati, penalit\u00e0 non corrette, ecc&#8230;)<\/em>.<\/p>\n<p>Si ricorda che in FisiOnline &#8211; men\u00f9 Bacheca &#8211; \u00e8 presente la guida operativa &#8220;Caricamento File Matrix\u00a0<em>(classifiche)<\/em>\u00a0in FisiOnline&#8221;.<\/p>\n","protected":false},"excerpt":{"rendered":"<p>Pubblichiamo la note del CED, il Centro Elaborazione Dati della FISI<\/p>\n","protected":false},"author":4,"featured_media":69662,"comment_status":"closed","ping_status":"closed","sticky":false,"template":"","format":"standard","meta":{"_acf_changed":false,"footnotes":""},"categories":[21,17],"tags":[],"acf":[],"_links":{"self":[{"href":"https:\/\/comitati.fisi.org\/friuli-venezia-giulia\/wp-json\/wp\/v2\/posts\/76395"}],"collection":[{"href":"https:\/\/comitati.fisi.org\/friuli-venezia-giulia\/wp-json\/wp\/v2\/posts"}],"about":[{"href":"https:\/\/comitati.fisi.org\/friuli-venezia-giulia\/wp-json\/wp\/v2\/types\/post"}],"author":[{"embeddable":true,"href":"https:\/\/comitati.fisi.org\/friuli-venezia-giulia\/wp-json\/wp\/v2\/users\/4"}],"replies":[{"embeddable":true,"href":"https:\/\/comitati.fisi.org\/friuli-venezia-giulia\/wp-json\/wp\/v2\/comments?post=76395"}],"version-history":[{"count":0,"href":"https:\/\/comitati.fisi.org\/friuli-venezia-giulia\/wp-json\/wp\/v2\/posts\/76395\/revisions"}],"wp:featuredmedia":[{"embeddable":true,"href":"https:\/\/comitati.fisi.org\/friuli-venezia-giulia\/wp-json\/wp\/v2\/media\/69662"}],"wp:attachment":[{"href":"https:\/\/comitati.fisi.org\/friuli-venezia-giulia\/wp-json\/wp\/v2\/media?parent=76395"}],"wp:term":[{"taxonomy":"category","embeddable":true,"href":"https:\/\/comitati.fisi.org\/friuli-venezia-giulia\/wp-json\/wp\/v2\/categories?post=76395"},{"taxonomy":"post_tag","embeddable":true,"href":"https:\/\/comitati.fisi.org\/friuli-venezia-giulia\/wp-json\/wp\/v2\/tags?post=76395"}],"curies":[{"name":"wp","href":"https:\/\/api.w.org\/{rel}","templated":true}]}}