{"id":76352,"date":"2021-02-22T13:51:16","date_gmt":"2021-02-22T12:51:16","guid":{"rendered":"https:\/\/www.fisifvg.org\/?p=76352"},"modified":"2021-02-22T13:51:16","modified_gmt":"2021-02-22T12:51:16","slug":"ancora-bene-andrea-craievich-e-seconda-del-gp-italia-giovani-nel-gigante-di-roccaraso","status":"publish","type":"post","link":"https:\/\/comitati.fisi.org\/friuli-venezia-giulia\/blog\/2021\/02\/22\/ancora-bene-andrea-craievich-e-seconda-del-gp-italia-giovani-nel-gigante-di-roccaraso\/","title":{"rendered":"Ancora bene Andrea Craievich, \u00e8 seconda del GP Italia Giovani nel gigante di Roccaraso"},"content":{"rendered":"<p>Andrea Craievich continua ad ottenere risultati importanti.<\/p>\n<p>Oggi nello slalom gigante di Roccaraso la 21enne dello Sci Club 70, allenata da Dario Della Libera, \u00e8 giunta quinta a 1&#8243;62 dalla vincitrice Francesca Fanti; non manca qualche rimpianto, perch\u00e9 a met\u00e0 gara Andrea era terza a 10 centesimi dalla vetta, poi per\u00f2 nella seconda manche un grave errore le \u00e8 costato un paio di posizioni.<\/p>\n<p>Andrea \u00e8 comunque salita sul podio Giovani, chiudendo terza alle spalle di Celina Haller e Michelle Valentini.<\/p>\n<p>E non \u00e8 tutto, perch\u00e9 nella graduatoria del GP Italia Giovani, che considera le sciatrici non inserite nelle squadre nazionali, la Craievich \u00e8 giunta seconda, lontana 0&#8243;34 dalla Valentini.<\/p>\n<p>Nella classifica assoluta segnaliamo anche il 13\u00b0 posto di Giulia Di Francesco del Lussari, distanziata 2&#8243;13 dalla vetta.<\/p>\n<p>Marted\u00ec si replica.<\/p>\n<p><a href=\"http:\/\/live.fis-ski.com\/lv-al5657.htm#\/ranking\">CLASSIFICA<\/a><\/p>\n<p><em><strong>(nella foto il podio Giovani, con Andrea a destra)<\/strong><\/em><\/p>\n","protected":false},"excerpt":{"rendered":"<p>La 21enne dello Sci Club 70 ha chiuso in quinta posizione assoluta<\/p>\n","protected":false},"author":4,"featured_media":76353,"comment_status":"closed","ping_status":"closed","sticky":false,"template":"","format":"standard","meta":{"_acf_changed":false,"footnotes":""},"categories":[10,15],"tags":[],"acf":[],"_links":{"self":[{"href":"https:\/\/comitati.fisi.org\/friuli-venezia-giulia\/wp-json\/wp\/v2\/posts\/76352"}],"collection":[{"href":"https:\/\/comitati.fisi.org\/friuli-venezia-giulia\/wp-json\/wp\/v2\/posts"}],"about":[{"href":"https:\/\/comitati.fisi.org\/friuli-venezia-giulia\/wp-json\/wp\/v2\/types\/post"}],"author":[{"embeddable":true,"href":"https:\/\/comitati.fisi.org\/friuli-venezia-giulia\/wp-json\/wp\/v2\/users\/4"}],"replies":[{"embeddable":true,"href":"https:\/\/comitati.fisi.org\/friuli-venezia-giulia\/wp-json\/wp\/v2\/comments?post=76352"}],"version-history":[{"count":0,"href":"https:\/\/comitati.fisi.org\/friuli-venezia-giulia\/wp-json\/wp\/v2\/posts\/76352\/revisions"}],"wp:featuredmedia":[{"embeddable":true,"href":"https:\/\/comitati.fisi.org\/friuli-venezia-giulia\/wp-json\/wp\/v2\/media\/76353"}],"wp:attachment":[{"href":"https:\/\/comitati.fisi.org\/friuli-venezia-giulia\/wp-json\/wp\/v2\/media?parent=76352"}],"wp:term":[{"taxonomy":"category","embeddable":true,"href":"https:\/\/comitati.fisi.org\/friuli-venezia-giulia\/wp-json\/wp\/v2\/categories?post=76352"},{"taxonomy":"post_tag","embeddable":true,"href":"https:\/\/comitati.fisi.org\/friuli-venezia-giulia\/wp-json\/wp\/v2\/tags?post=76352"}],"curies":[{"name":"wp","href":"https:\/\/api.w.org\/{rel}","templated":true}]}}