{"id":76345,"date":"2021-02-22T13:30:58","date_gmt":"2021-02-22T12:30:58","guid":{"rendered":"https:\/\/www.fisifvg.org\/?p=76345"},"modified":"2021-02-22T13:30:58","modified_gmt":"2021-02-22T12:30:58","slug":"coppa-europa-a-sella-nevea-il-francese-schuller-il-piu-veloce-nella-prima-prova-della-discesa","status":"publish","type":"post","link":"https:\/\/comitati.fisi.org\/friuli-venezia-giulia\/blog\/2021\/02\/22\/coppa-europa-a-sella-nevea-il-francese-schuller-il-piu-veloce-nella-prima-prova-della-discesa\/","title":{"rendered":"Coppa Europa a Sella Nevea, il francese Schuller il pi\u00f9 veloce nella prima prova della discesa"},"content":{"rendered":"<p>Il francese Victor Schuller <em><strong>(nella foto)<\/strong><\/em> \u00e8 stato il pi\u00f9 veloce nella prima prova della discesa di Coppa Europa maschile a Sella Nevea.<\/p>\n<p>Alle sue spalle, a 0&#8243;14, il connazionale Giezendanner e, a 0&#8243;31, l&#8217;azzurro Nicol\u00f2 Molteni. Tutti e tre sono stati fra i principali protagonisti delle gare del GP Italia disputate la scorsa settimana sulla Canin, sempre per l&#8217;organizzazione dell&#8217;US Camporosso.<\/p>\n<p>Al via sciatori provenienti da Austria, Spagna, Svizzera, Francia, Svezia, Stati Uniti, Slovenia, Canada, Liechtenstein, Andorra, Germania, Monaco e Regno Unito, oltre che naturalmente dall\u2019Italia.<\/p>\n<p>Marted\u00ec la seconda prova, mercoled\u00ec e gioved\u00ec le due gare.<\/p>\n<p><a href=\"http:\/\/comitati.fisi.org\/friuli-venezia-giulia\/wp-content\/uploads\/sites\/34\/2021\/02\/RS.22.2-1.pdf\">CLASSIFICA PRIMA PROVA<\/a><\/p>\n<p><a href=\"http:\/\/comitati.fisi.org\/friuli-venezia-giulia\/wp-content\/uploads\/sites\/34\/2021\/02\/SL.23.2.pdf\">START LIST SECONDA PROVA<\/a><br \/>\n<a href=\"http:\/\/comitati.fisi.org\/friuli-venezia-giulia\/wp-content\/uploads\/sites\/34\/2021\/02\/Sella-Nevea-DH-TRA-2-1.pdf\">PROGRAMMA SECONDA PROVA<\/a><\/p>\n","protected":false},"excerpt":{"rendered":"<p>Alle sue spalle, a 0&#8243;14, il connazionale Giezendanner e, a 0&#8243;31, l&#8217;azzurro Nicol\u00f2 Molteni<\/p>\n","protected":false},"author":4,"featured_media":76347,"comment_status":"closed","ping_status":"closed","sticky":false,"template":"","format":"standard","meta":{"_acf_changed":false,"footnotes":""},"categories":[10,15],"tags":[],"acf":[],"_links":{"self":[{"href":"https:\/\/comitati.fisi.org\/friuli-venezia-giulia\/wp-json\/wp\/v2\/posts\/76345"}],"collection":[{"href":"https:\/\/comitati.fisi.org\/friuli-venezia-giulia\/wp-json\/wp\/v2\/posts"}],"about":[{"href":"https:\/\/comitati.fisi.org\/friuli-venezia-giulia\/wp-json\/wp\/v2\/types\/post"}],"author":[{"embeddable":true,"href":"https:\/\/comitati.fisi.org\/friuli-venezia-giulia\/wp-json\/wp\/v2\/users\/4"}],"replies":[{"embeddable":true,"href":"https:\/\/comitati.fisi.org\/friuli-venezia-giulia\/wp-json\/wp\/v2\/comments?post=76345"}],"version-history":[{"count":0,"href":"https:\/\/comitati.fisi.org\/friuli-venezia-giulia\/wp-json\/wp\/v2\/posts\/76345\/revisions"}],"wp:featuredmedia":[{"embeddable":true,"href":"https:\/\/comitati.fisi.org\/friuli-venezia-giulia\/wp-json\/wp\/v2\/media\/76347"}],"wp:attachment":[{"href":"https:\/\/comitati.fisi.org\/friuli-venezia-giulia\/wp-json\/wp\/v2\/media?parent=76345"}],"wp:term":[{"taxonomy":"category","embeddable":true,"href":"https:\/\/comitati.fisi.org\/friuli-venezia-giulia\/wp-json\/wp\/v2\/categories?post=76345"},{"taxonomy":"post_tag","embeddable":true,"href":"https:\/\/comitati.fisi.org\/friuli-venezia-giulia\/wp-json\/wp\/v2\/tags?post=76345"}],"curies":[{"name":"wp","href":"https:\/\/api.w.org\/{rel}","templated":true}]}}