{"id":76320,"date":"2021-02-21T20:34:19","date_gmt":"2021-02-21T19:34:19","guid":{"rendered":"https:\/\/www.fisifvg.org\/?p=76320"},"modified":"2021-02-21T20:34:19","modified_gmt":"2021-02-21T19:34:19","slug":"la-start-list-della-prima-prova-della-discesa-maschile-di-coppa-europa-a-sella-nevea","status":"publish","type":"post","link":"https:\/\/comitati.fisi.org\/friuli-venezia-giulia\/blog\/2021\/02\/21\/la-start-list-della-prima-prova-della-discesa-maschile-di-coppa-europa-a-sella-nevea\/","title":{"rendered":"La start list della prima prova della discesa maschile di Coppa Europa a Sella Nevea"},"content":{"rendered":"<p>Prende il via luned\u00ec 22 febbraio la quattro giorni di Coppa Europa maschile organizzata dall&#8217;US Camporosso.<\/p>\n<p>Si parte alle 10.30 con la prima prova della discesa, marted\u00ec la seconda prova, mercoled\u00ec e gioved\u00ec le due gare.<\/p>\n<p>Al via velocisti provenienti da Austria, Spagna, Svizzera, Francia, Svezia, Stati Uniti, Slovenia, Svezia, Canada, Liechtenstein, Andorra, Germania, Monaco e Regno Unito, oltre che naturalmente dall&#8217;Italia.<\/p>\n<p>Tra i nomi al via gli svizzeri Roulin, Hintermann, Mani e Rogentin, i francesi Sam Alphand, Nils Alphand, Giezendanner, Raffort e Piccard, l&#8217;austriaco Babinski, lo sloveno Hrobat e l&#8217;azzurro Pietro Zazzi (<em><strong>nella foto)<\/strong><\/em><\/p>\n<p>Proponiamo la start list.<\/p>\n<p><a href=\"http:\/\/comitati.fisi.org\/friuli-venezia-giulia\/wp-content\/uploads\/sites\/34\/2021\/02\/SL.22.2.pdf\">START LIST<\/a><\/p>\n","protected":false},"excerpt":{"rendered":"<p>Prende il via luned\u00ec 22 febbraio la quattro giorni organizzata dall&#8217;US Camporosso<\/p>\n","protected":false},"author":4,"featured_media":76323,"comment_status":"closed","ping_status":"closed","sticky":false,"template":"","format":"standard","meta":{"_acf_changed":false,"footnotes":""},"categories":[15],"tags":[],"acf":[],"_links":{"self":[{"href":"https:\/\/comitati.fisi.org\/friuli-venezia-giulia\/wp-json\/wp\/v2\/posts\/76320"}],"collection":[{"href":"https:\/\/comitati.fisi.org\/friuli-venezia-giulia\/wp-json\/wp\/v2\/posts"}],"about":[{"href":"https:\/\/comitati.fisi.org\/friuli-venezia-giulia\/wp-json\/wp\/v2\/types\/post"}],"author":[{"embeddable":true,"href":"https:\/\/comitati.fisi.org\/friuli-venezia-giulia\/wp-json\/wp\/v2\/users\/4"}],"replies":[{"embeddable":true,"href":"https:\/\/comitati.fisi.org\/friuli-venezia-giulia\/wp-json\/wp\/v2\/comments?post=76320"}],"version-history":[{"count":0,"href":"https:\/\/comitati.fisi.org\/friuli-venezia-giulia\/wp-json\/wp\/v2\/posts\/76320\/revisions"}],"wp:featuredmedia":[{"embeddable":true,"href":"https:\/\/comitati.fisi.org\/friuli-venezia-giulia\/wp-json\/wp\/v2\/media\/76323"}],"wp:attachment":[{"href":"https:\/\/comitati.fisi.org\/friuli-venezia-giulia\/wp-json\/wp\/v2\/media?parent=76320"}],"wp:term":[{"taxonomy":"category","embeddable":true,"href":"https:\/\/comitati.fisi.org\/friuli-venezia-giulia\/wp-json\/wp\/v2\/categories?post=76320"},{"taxonomy":"post_tag","embeddable":true,"href":"https:\/\/comitati.fisi.org\/friuli-venezia-giulia\/wp-json\/wp\/v2\/tags?post=76320"}],"curies":[{"name":"wp","href":"https:\/\/api.w.org\/{rel}","templated":true}]}}