{"id":76270,"date":"2021-02-21T09:18:06","date_gmt":"2021-02-21T08:18:06","guid":{"rendered":"https:\/\/www.fisifvg.org\/?p=76270"},"modified":"2021-02-21T09:18:06","modified_gmt":"2021-02-21T08:18:06","slug":"a-bacher-il-gigante-fis-njr-dello-zoncolan-severi-quarto-aspiranti","status":"publish","type":"post","link":"https:\/\/comitati.fisi.org\/friuli-venezia-giulia\/blog\/2021\/02\/21\/a-bacher-il-gigante-fis-njr-dello-zoncolan-severi-quarto-aspiranti\/","title":{"rendered":"A Bacher il gigante FIS NJR dello Zoncolan, Severi quarto Aspiranti"},"content":{"rendered":"<p>Si \u00e8 svolto oggi sullo Zoncolan uno slalom gigante FIS NJR organizzato dal Cimenti Sci Carnia, che ieri aveva proposto sulla stessa pista <a href=\"https:\/\/www.fisifvg.org\/2021\/02\/20\/andrea-craievich-domina-il-primo-gigante-fis-njr-dello-zoncolan\/\">due gare femminili<\/a>.<\/p>\n<p>A causa della nebbia e della necessit\u00e0 di abbassare il cancelletto di partenza, la gara \u00e8 iniziata alle 10.30; di conseguenza, visto l&#8217;allungarsi dei tempi, non \u00e8 stato possibile effettuare il secondo gigante previsto al termine del primo.<\/p>\n<div id=\"attachment_76293\" style=\"width: 610px\" class=\"wp-caption aligncenter\"><a href=\"http:\/\/comitati.fisi.org\/friuli-venezia-giulia\/wp-content\/uploads\/sites\/34\/2021\/02\/Podio-Aspiranti.jpeg\"><img loading=\"lazy\" decoding=\"async\" aria-describedby=\"caption-attachment-76293\" class=\"wp-image-76293 size-medium\" src=\"http:\/\/comitati.fisi.org\/friuli-venezia-giulia\/wp-content\/uploads\/sites\/34\/2021\/02\/Podio-Aspiranti-600x450.jpeg\" alt=\"\" width=\"600\" height=\"450\" \/><\/a><p id=\"caption-attachment-76293\" class=\"wp-caption-text\">Podio Giovani<\/p><\/div>\n<p>La vittoria \u00e8 andata a Jonas Bacher con 11 centesimi su Tommaso Casagrande e l&#8217;americano Rowen Ainslie, secondi a pari merito<b><i>.<\/i><\/b><\/p>\n<p>Primo della squadra FISI FVG Renato Moretti dello Sc Pordenone, ottavo a 0&#8243;59, mentre Arturo Severi del Bachmann ha chiuso undicesimo. Da sottolineare anche il quindicesimo posto di Alberto Benedetti del Lussari, pettorale 50 (nei primi 15 \u00e8 il solo presente con pettorale superiore al 38), mentre il compagno di squadra Alex Ostolidi \u00e8 giunto 17\u00b0.<\/p>\n<p>Tra gli Aspiranti si impone Marco De Zanna con Severi quarto a soli 0&#8243;12 dal podio, Benedetti settimo, Ostolidi ottavo e Paolo Ramicone del Bachmann decimo.<\/p>\n<p><a href=\"http:\/\/comitati.fisi.org\/friuli-venezia-giulia\/wp-content\/uploads\/sites\/34\/2021\/02\/Classifica-GS-MASCHILE.pdf\">Classifica <\/a><br \/>\n<a href=\"http:\/\/comitati.fisi.org\/friuli-venezia-giulia\/wp-content\/uploads\/sites\/34\/2021\/02\/ClassificaGS-ASPIRANTI-M.pdf\">Classifica Aspiranti<\/a><\/p>\n<p><em><strong>(in copertina il podio Aspiranti)<\/strong><\/em><\/p>\n","protected":false},"excerpt":{"rendered":"<p>A causa della scarsa visibilit\u00e0 si \u00e8 disputata solo una delle due gare previste<\/p>\n","protected":false},"author":4,"featured_media":76292,"comment_status":"closed","ping_status":"closed","sticky":false,"template":"","format":"standard","meta":{"_acf_changed":false,"footnotes":""},"categories":[10,15],"tags":[],"acf":[],"_links":{"self":[{"href":"https:\/\/comitati.fisi.org\/friuli-venezia-giulia\/wp-json\/wp\/v2\/posts\/76270"}],"collection":[{"href":"https:\/\/comitati.fisi.org\/friuli-venezia-giulia\/wp-json\/wp\/v2\/posts"}],"about":[{"href":"https:\/\/comitati.fisi.org\/friuli-venezia-giulia\/wp-json\/wp\/v2\/types\/post"}],"author":[{"embeddable":true,"href":"https:\/\/comitati.fisi.org\/friuli-venezia-giulia\/wp-json\/wp\/v2\/users\/4"}],"replies":[{"embeddable":true,"href":"https:\/\/comitati.fisi.org\/friuli-venezia-giulia\/wp-json\/wp\/v2\/comments?post=76270"}],"version-history":[{"count":0,"href":"https:\/\/comitati.fisi.org\/friuli-venezia-giulia\/wp-json\/wp\/v2\/posts\/76270\/revisions"}],"wp:featuredmedia":[{"embeddable":true,"href":"https:\/\/comitati.fisi.org\/friuli-venezia-giulia\/wp-json\/wp\/v2\/media\/76292"}],"wp:attachment":[{"href":"https:\/\/comitati.fisi.org\/friuli-venezia-giulia\/wp-json\/wp\/v2\/media?parent=76270"}],"wp:term":[{"taxonomy":"category","embeddable":true,"href":"https:\/\/comitati.fisi.org\/friuli-venezia-giulia\/wp-json\/wp\/v2\/categories?post=76270"},{"taxonomy":"post_tag","embeddable":true,"href":"https:\/\/comitati.fisi.org\/friuli-venezia-giulia\/wp-json\/wp\/v2\/tags?post=76270"}],"curies":[{"name":"wp","href":"https:\/\/api.w.org\/{rel}","templated":true}]}}