{"id":76136,"date":"2021-02-19T13:06:39","date_gmt":"2021-02-19T12:06:39","guid":{"rendered":"https:\/\/www.fisifvg.org\/?p=76136"},"modified":"2021-02-19T13:06:39","modified_gmt":"2021-02-19T12:06:39","slug":"raffaele-buzzi-e-alessandro-pittin-convocati-per-i-mondiali-di-combinata-nordica","status":"publish","type":"post","link":"https:\/\/comitati.fisi.org\/friuli-venezia-giulia\/blog\/2021\/02\/19\/raffaele-buzzi-e-alessandro-pittin-convocati-per-i-mondiali-di-combinata-nordica\/","title":{"rendered":"Raffaele Buzzi e Alessandro Pittin convocati per i Mondiali di combinata nordica"},"content":{"rendered":"<p>La delibera numero 217 del Presidente Flavio Roda ha ufficializzato la spedizione italiana per i <strong>Mondiali di combinata nordica<\/strong> in programma a Oberstdorf (Ger) dal 26 febbraio al 6 marzo che vede la prima storica partecipazione delle donne. In campo maschile saranno presenti Samuel Costa, Aaron Kostner, <strong>Raffaele Buzzi e Alessandro Pittin,<\/strong> con i tecnici Danny Winckelmann, Ivan Lunardi, Luca Rigoni, Francesco Mich e Pietro Frigo.<\/p>\n<p>In campo femminile toccher\u00e0 a Daniela Dejori, Annika Sieff e Lena Prinoth con i tecnici Ivo Pertile, Francesco Benetti e Veronika Broll.<\/p>\n<p>Il calendario si aprir\u00e0 venerd\u00ec 26 febbraio con la Gundersen maschile dal trampolino HS106, seguita sabato 27 febbraio dalla Gundersen femminile, che si disputer\u00e0 sui 5 km a differenza degli uomini, impegnati sui 10 km. Domenica 28 febbraio \u00e8 il turno della team HS106\/4\u00d75 km, mentre gioved\u00ec 4 marzo si disputer\u00e0 la Gundersen maschile dal trampolino HS137, chiusura sabato 6 marzo con la team sprint HS137\/2\u00d77,5 km.<\/p>\n","protected":false},"excerpt":{"rendered":"<p>Complessivamente 7 gli azzurri presenti fra uomini e donne<\/p>\n","protected":false},"author":4,"featured_media":73669,"comment_status":"closed","ping_status":"closed","sticky":false,"template":"","format":"standard","meta":{"_acf_changed":false,"footnotes":""},"categories":[14,10],"tags":[],"acf":[],"_links":{"self":[{"href":"https:\/\/comitati.fisi.org\/friuli-venezia-giulia\/wp-json\/wp\/v2\/posts\/76136"}],"collection":[{"href":"https:\/\/comitati.fisi.org\/friuli-venezia-giulia\/wp-json\/wp\/v2\/posts"}],"about":[{"href":"https:\/\/comitati.fisi.org\/friuli-venezia-giulia\/wp-json\/wp\/v2\/types\/post"}],"author":[{"embeddable":true,"href":"https:\/\/comitati.fisi.org\/friuli-venezia-giulia\/wp-json\/wp\/v2\/users\/4"}],"replies":[{"embeddable":true,"href":"https:\/\/comitati.fisi.org\/friuli-venezia-giulia\/wp-json\/wp\/v2\/comments?post=76136"}],"version-history":[{"count":0,"href":"https:\/\/comitati.fisi.org\/friuli-venezia-giulia\/wp-json\/wp\/v2\/posts\/76136\/revisions"}],"wp:featuredmedia":[{"embeddable":true,"href":"https:\/\/comitati.fisi.org\/friuli-venezia-giulia\/wp-json\/wp\/v2\/media\/73669"}],"wp:attachment":[{"href":"https:\/\/comitati.fisi.org\/friuli-venezia-giulia\/wp-json\/wp\/v2\/media?parent=76136"}],"wp:term":[{"taxonomy":"category","embeddable":true,"href":"https:\/\/comitati.fisi.org\/friuli-venezia-giulia\/wp-json\/wp\/v2\/categories?post=76136"},{"taxonomy":"post_tag","embeddable":true,"href":"https:\/\/comitati.fisi.org\/friuli-venezia-giulia\/wp-json\/wp\/v2\/tags?post=76136"}],"curies":[{"name":"wp","href":"https:\/\/api.w.org\/{rel}","templated":true}]}}