{"id":76134,"date":"2021-02-19T13:04:02","date_gmt":"2021-02-19T12:04:02","guid":{"rendered":"https:\/\/www.fisifvg.org\/?p=76134"},"modified":"2021-02-19T13:04:02","modified_gmt":"2021-02-19T12:04:02","slug":"a-oberstdorf-la-prima-volta-di-francesco-cecon-ai-mondiali-di-salto-con-gli-sci","status":"publish","type":"post","link":"https:\/\/comitati.fisi.org\/friuli-venezia-giulia\/blog\/2021\/02\/19\/a-oberstdorf-la-prima-volta-di-francesco-cecon-ai-mondiali-di-salto-con-gli-sci\/","title":{"rendered":"A Oberstdorf la prima volta di Francesco Cecon ai Mondiali di salto con gli sci"},"content":{"rendered":"<p>La delibera numero 217 del Presidente Flavio Roda ha ufficializzato la spedizione italiana per i <strong>Mondiali di salto con gli sci in programma<\/strong> a Oberstdorf (Ger) dal 24 febbraio al 7 marzo. In campo maschile saranno presenti Daniel Moroder, <strong>Francesco Cecon (esordio nella competizione per il 19enne della squadra FISI FVG e del Bachmann, <em>nella foto<\/em>)<\/strong>, Alex Insam e Giovanni Bresadola, fra le donne toccher\u00e0 a Lara Malsiner e Jessica Malsiner.<\/p>\n<p>Il calendario si aprir\u00e0 mercoled\u00ec 24 febbraio con le qualificazioni femminili dall\u2019HS106, seguite dalla finale di gioved\u00ec 25 febbraio.<\/p>\n<p>Venerd\u00ec 26 febbraio sar\u00e0 il turno della prova a squadre femminile dove l\u2019Italia sar\u00e0 assente, nello stesso giorno si svolgeranno le qualificazioni maschili, a cui seguir\u00e0 la finale sabato 27 febbraio, mentre domenica 28 febbraio \u00e8 prevista la prova a squadre mista. Marted\u00ec 2 marzo comincia il programma sul trampolino HS137 con le qualificazioni femminili, il giorno successivo \u00e8 prevista la finale, Gioved\u00ec 4 marzo ecco le qualificazioni maschili, con finale sabato 6 marzo. Chiusura domenica 7 marzo con la gara a squadre maschile.<\/p>\n","protected":false},"excerpt":{"rendered":"<p>La manifestazione iridata si svolger\u00e0 dal 24 febbraio al 7 marzo<\/p>\n","protected":false},"author":4,"featured_media":74139,"comment_status":"closed","ping_status":"closed","sticky":false,"template":"","format":"standard","meta":{"_acf_changed":false,"footnotes":""},"categories":[10,12],"tags":[],"acf":[],"_links":{"self":[{"href":"https:\/\/comitati.fisi.org\/friuli-venezia-giulia\/wp-json\/wp\/v2\/posts\/76134"}],"collection":[{"href":"https:\/\/comitati.fisi.org\/friuli-venezia-giulia\/wp-json\/wp\/v2\/posts"}],"about":[{"href":"https:\/\/comitati.fisi.org\/friuli-venezia-giulia\/wp-json\/wp\/v2\/types\/post"}],"author":[{"embeddable":true,"href":"https:\/\/comitati.fisi.org\/friuli-venezia-giulia\/wp-json\/wp\/v2\/users\/4"}],"replies":[{"embeddable":true,"href":"https:\/\/comitati.fisi.org\/friuli-venezia-giulia\/wp-json\/wp\/v2\/comments?post=76134"}],"version-history":[{"count":0,"href":"https:\/\/comitati.fisi.org\/friuli-venezia-giulia\/wp-json\/wp\/v2\/posts\/76134\/revisions"}],"wp:featuredmedia":[{"embeddable":true,"href":"https:\/\/comitati.fisi.org\/friuli-venezia-giulia\/wp-json\/wp\/v2\/media\/74139"}],"wp:attachment":[{"href":"https:\/\/comitati.fisi.org\/friuli-venezia-giulia\/wp-json\/wp\/v2\/media?parent=76134"}],"wp:term":[{"taxonomy":"category","embeddable":true,"href":"https:\/\/comitati.fisi.org\/friuli-venezia-giulia\/wp-json\/wp\/v2\/categories?post=76134"},{"taxonomy":"post_tag","embeddable":true,"href":"https:\/\/comitati.fisi.org\/friuli-venezia-giulia\/wp-json\/wp\/v2\/tags?post=76134"}],"curies":[{"name":"wp","href":"https:\/\/api.w.org\/{rel}","templated":true}]}}