{"id":76127,"date":"2021-02-19T12:10:23","date_gmt":"2021-02-19T11:10:23","guid":{"rendered":"https:\/\/www.fisifvg.org\/?p=76127"},"modified":"2021-02-19T12:10:23","modified_gmt":"2021-02-19T11:10:23","slug":"sella-nevea-pronta-ad-ospitare-due-discese-di-coppa-europa-maschile","status":"publish","type":"post","link":"https:\/\/comitati.fisi.org\/friuli-venezia-giulia\/blog\/2021\/02\/19\/sella-nevea-pronta-ad-ospitare-due-discese-di-coppa-europa-maschile\/","title":{"rendered":"Sella Nevea pronta ad ospitare due discese di Coppa Europa maschile"},"content":{"rendered":"<p><em><strong>Riceviamo dall&#8217;US Camporosso e volentieri pubblichiamo.<\/strong><\/em><\/p>\n<p><span style=\"font-weight: 400\">U.S. Camporosso A.D. organizza sin dal <\/span><b>11 febbraio 1999<\/b><span style=\"font-weight: 400\"> (con lo storico slalom sulla pista C a Tarvisio) tappe di Coppa Europa di Sci Alpino Maschile. Per l\u2019edizione 2021,\u00a0 in collaborazione con l\u2019Agenzia Regionale Promoturismo FVG, la FIS e la FISI (sia nazionale che regionale), il programma gare \u00e8 il seguente:<\/span><\/p>\n<p><b>22 febbraio: prove<br \/>\n<\/b><b>23 febbraio: prove<br \/>\n<\/b><b>24 febbraio: Discesa libera<br \/>\n<\/b><b>25 febbraio: Discesa libera<\/b><\/p>\n<p><span style=\"font-weight: 400\">L\u2019evento si terr\u00e0 a porte chiuse, il pubblico non potr\u00e0 presenziare &#8211; in ottemperanza alle ordinanze relative al Covid 19. La stampa potr\u00e0 partecipare solo se accreditata.<\/span><\/p>\n<p><span style=\"font-weight: 400\">La Tappa di <\/span><b>Coppa Europa 2021<\/b><span style=\"font-weight: 400\"> vedr\u00e0 <\/span><b>16 nazioni partecipanti, per circa 110 atleti ed 80 accompagnatori<\/b><span style=\"font-weight: 400\"> che si contenderanno il titolo della tappa oltre che preziosi punti in vista della classifica generale. Molti degli atleti partecipanti sono anche discesisti in Coppa del Mondo.\u00a0<\/span><\/p>\n<div id=\"attachment_76129\" style=\"width: 510px\" class=\"wp-caption alignright\"><a href=\"http:\/\/comitati.fisi.org\/friuli-venezia-giulia\/wp-content\/uploads\/sites\/34\/2021\/02\/foto-conferenza.jpg\"><img loading=\"lazy\" decoding=\"async\" aria-describedby=\"caption-attachment-76129\" class=\"wp-image-76129\" src=\"http:\/\/comitati.fisi.org\/friuli-venezia-giulia\/wp-content\/uploads\/sites\/34\/2021\/02\/foto-conferenza-400x400.jpg\" alt=\"\" width=\"500\" height=\"334\" \/><\/a><p id=\"caption-attachment-76129\" class=\"wp-caption-text\">La conferenza stampa odierna<\/p><\/div>\n<p><span style=\"font-weight: 400\">La nostra regione \u00e8 da sempre protagonista di competizioni internazionali di livello e si contano pi\u00f9 di 60 gare organizzate di Coppa Europa dal 2002, 1 Universiade, 3 Coppe del Mondo di Sci Alpino Femminile, 2 Mondiali di Sci Paralimpico, 1 Coppa del Mondo Snowboard. Questo crea un indotto importante per l\u2019economia della montagna che ha, soprattutto in questo anno, bisogno di essere sostenuta in tutti i modi.\u00a0<\/span><\/p>\n<p><span style=\"font-weight: 400\">Quest\u2019anno, per adempiere alle disposizioni del DPCM legate alla sicurezza Covid 19, l\u2019Unione Sportiva Camporosso si \u00e8 dotata di un protocollo dedicato che sar\u00e0 presentato in anteprima a tutte le delegazioni partecipanti.\u00a0<\/span><\/p>\n<p><span style=\"font-weight: 400\">Proprio per accogliere al meglio i capitani delle squadre partecipanti, l\u2019Unione Sportiva inaugurer\u00e0 una nuova sede, a Camporosso, che diventa centro operativo e logistico di tutto l\u2019apparato organizzativo.<\/span><\/p>\n<p><span style=\"font-weight: 400\">La pista del Canin, sulla quale si svolgeranno le gare di Coppa Europa, \u00e8 considerata da sempre una delle pi\u00f9 difficili per gli atleti per le sue peculiarit\u00e0 e pendenze.\u00a0 L\u2019organizzazione conta su molti volontari e circa <\/span><b>30 persone in pista<\/b><span style=\"font-weight: 400\">, per la sua gestione e per garantirne sempre una condizione ottimale oltre a <\/span><b>10 persone<\/b><span style=\"font-weight: 400\"> addette al soccorso. Durante le riunioni dei capitani viene spiegato il tracciato della pista, le condizioni della neve, quelle meteo, l\u2019ordine di partenza e lo svolgimento, in breve, di tutta la giornata di competizioni.<\/span><\/p>\n<p><span style=\"font-weight: 400\">Lo scorso anno, in occasione della cena <\/span><b>Food for Skiers<\/b><span style=\"font-weight: 400\"> (progetto ideato dall\u2019US Camporosso) alle delegazioni internazionali \u00e8 stata offerta l\u2019occasione di testare i prodotti locali, immergendosi cos\u00ec nella cultura del luogo a tutto tondo.\u00a0<\/span><\/p>\n<p><span style=\"font-weight: 400\">Per ovvi motivi legati al Covid, quest\u2019anno il progetto Food for Skiers cambia fisionomia e si trasforma. Ogni squadra ricever\u00e0 un \u201c<\/span><b>box<\/b><span style=\"font-weight: 400\">\u201d con i prodotti locali da consumarsi durante la competizione offerto da <\/span><b>Promoturismo FVG<\/b><span style=\"font-weight: 400\"> e lo chef <\/span><b>Matteo Metullio<\/b><span style=\"font-weight: 400\">, fresco della seconda stella Michelin, offrir\u00e0 agli atleti le barrette sportive e la crema di nocciola prodotta al Harri\u2019s Piccolo Ristorante di Trieste.\u00a0<\/span><\/p>\n<p><span style=\"font-weight: 400\">Lo sport \u00e8 anche cultura, modo di vivere, accoglienza, legami con il territorio.<\/span><\/p>\n<p><span style=\"font-weight: 400\"><strong>Damiano Matiz, presidente US Camporosso<\/strong>:<\/span><i><span style=\"font-weight: 400\"> \u201c<\/span><\/i><i><span style=\"font-weight: 400\">Il sistema di relazioni che si muove attorno ad una gara internazionale \u00e8 fondamentale. La rete di attori ed il network che abbiamo costruito negli anni \u00e8 oggi capace di accogliere gli atleti offrendo loro non solo una gara ineccepibile dal punto di vista tecnico ma anche facendo loro vivere il territorio nel quale si trovano, le sue peculiarit\u00e0 e i suoi protagonisti. Auspico che questa rete possa nel pi\u00f9 breve tempo possibile misurarsi con una tappa di Coppa del Mondo, magari nel Tarvisiano<\/span><\/i><i><span style=\"font-weight: 400\">\u201d.\u00a0<\/span><\/i><\/p>\n","protected":false},"excerpt":{"rendered":"<p>Dal 22 al 25 febbraio sulla Canin l&#8217;appuntamento promosso dall&#8217;US Camporosso<\/p>\n","protected":false},"author":4,"featured_media":76128,"comment_status":"closed","ping_status":"closed","sticky":false,"template":"","format":"standard","meta":{"_acf_changed":false,"footnotes":""},"categories":[10,15],"tags":[],"acf":[],"_links":{"self":[{"href":"https:\/\/comitati.fisi.org\/friuli-venezia-giulia\/wp-json\/wp\/v2\/posts\/76127"}],"collection":[{"href":"https:\/\/comitati.fisi.org\/friuli-venezia-giulia\/wp-json\/wp\/v2\/posts"}],"about":[{"href":"https:\/\/comitati.fisi.org\/friuli-venezia-giulia\/wp-json\/wp\/v2\/types\/post"}],"author":[{"embeddable":true,"href":"https:\/\/comitati.fisi.org\/friuli-venezia-giulia\/wp-json\/wp\/v2\/users\/4"}],"replies":[{"embeddable":true,"href":"https:\/\/comitati.fisi.org\/friuli-venezia-giulia\/wp-json\/wp\/v2\/comments?post=76127"}],"version-history":[{"count":0,"href":"https:\/\/comitati.fisi.org\/friuli-venezia-giulia\/wp-json\/wp\/v2\/posts\/76127\/revisions"}],"wp:featuredmedia":[{"embeddable":true,"href":"https:\/\/comitati.fisi.org\/friuli-venezia-giulia\/wp-json\/wp\/v2\/media\/76128"}],"wp:attachment":[{"href":"https:\/\/comitati.fisi.org\/friuli-venezia-giulia\/wp-json\/wp\/v2\/media?parent=76127"}],"wp:term":[{"taxonomy":"category","embeddable":true,"href":"https:\/\/comitati.fisi.org\/friuli-venezia-giulia\/wp-json\/wp\/v2\/categories?post=76127"},{"taxonomy":"post_tag","embeddable":true,"href":"https:\/\/comitati.fisi.org\/friuli-venezia-giulia\/wp-json\/wp\/v2\/tags?post=76127"}],"curies":[{"name":"wp","href":"https:\/\/api.w.org\/{rel}","templated":true}]}}