{"id":76125,"date":"2021-02-20T17:03:14","date_gmt":"2021-02-20T16:03:14","guid":{"rendered":"https:\/\/www.fisifvg.org\/?p=76125"},"modified":"2021-02-20T17:03:14","modified_gmt":"2021-02-20T16:03:14","slug":"doppio-oro-per-ludovica-del-bianco-ai-campionati-italiani-di-salto-e-combinata-u14","status":"publish","type":"post","link":"https:\/\/comitati.fisi.org\/friuli-venezia-giulia\/blog\/2021\/02\/20\/doppio-oro-per-ludovica-del-bianco-ai-campionati-italiani-di-salto-e-combinata-u14\/","title":{"rendered":"Doppio oro per Ludovica Del Bianco ai Campionati Italiani di salto e combinata U14"},"content":{"rendered":"<p>Ludovica Del Bianco pigliatutto ai Campionati Italiani di salto e combinata nordica Under 14 femminile a Pellizzano.<\/p>\n<p>La lussarina si \u00e8 infatti aggiudicata entrambi i titoli, incrementando cos\u00ec un palmarese gi\u00e0 ricchissimo nonostante la giovane et\u00e0.<\/p>\n<p>Ma c&#8217;\u00e8 anche un altro podio FVG grazie alla compagna di squadra Erika Pinzani, terza nel salto (<em><strong>in copertina le due lussarine sul podio<\/strong><\/em>); poi nella combinata chiuder\u00e0 quarta.<\/p>\n<p>In programma anche una prova di Coppa Italia negli Under 10 Samuele Beltrame ha fatto sua la prova della combinata dopo essere giunto terzo nel salto. In quest&#8217;ultima prova 9\u00b0 Jacopo Laurenti e 11a Lucrezia Del Bianco, mentre i due giovanissimi classe 2014 Christofer Zoz e Elia Beltrame sono giunti rispettivamente 15\u00b0 e 17\u00b0.<\/p>\n<div id=\"attachment_76219\" style=\"width: 610px\" class=\"wp-caption aligncenter\"><a href=\"http:\/\/comitati.fisi.org\/friuli-venezia-giulia\/wp-content\/uploads\/sites\/34\/2021\/02\/WhatsApp-Image-2021-02-20-at-16.44.27-1.jpeg\"><img loading=\"lazy\" decoding=\"async\" aria-describedby=\"caption-attachment-76219\" class=\"wp-image-76219\" src=\"http:\/\/comitati.fisi.org\/friuli-venezia-giulia\/wp-content\/uploads\/sites\/34\/2021\/02\/WhatsApp-Image-2021-02-20-at-16.44.27-1-400x400.jpeg\" alt=\"\" width=\"600\" height=\"450\" \/><\/a><p id=\"caption-attachment-76219\" class=\"wp-caption-text\">Samuele Beltrame 1\u00b0 nella combinata U10<\/p><\/div>\n<p><span style=\"color: #ff0000\"><strong>MEDAGLIE CAMPIONATI MONDIALI 2020-2021 ATLETI FVG<\/strong><\/span><\/p>\n<p><strong><span style=\"color: #993366\">BRONZO<br \/>\n<\/span><\/strong><span style=\"color: #000000\">-LUCA SCLISIZZO Fondo\u00a0 Staffetta Juniores (Vuokatti-FIN, 12-2-2021)<\/span><\/p>\n<p><span style=\"color: #ff0000\"><strong>MEDAGLIE CAMPIONATI ITALIANI ASSOLUTI E GIOVANILI 2020-2021 ATLETI FVG<\/strong><\/span><\/p>\n<p><span style=\"color: #ff9900\"><strong>ORO<br \/>\n<\/strong><\/span>-SARA SCATTOLO\u00a0 Biathlon\u00a0 Inseguimento\u00a0 Giovani<br \/>\n-SQUADRA (<em>Ilaria Scattolo, Serena Del Fabbro e Astrid Pl\u00f6sch)\u00a0\u00a0<\/em>Biathlon\u00a0 Staffetta\u00a0 Aspiranti<br \/>\n-SQUADRA Fiamme Oro (<em>Sara Scattolo<\/em>)\u00a0 Biathlon\u00a0 Staffetta\u00a0 Giovani<br \/>\n-SQUADRA Cs Esercito (<em>Sara Cesco Fabbro<\/em>)\u00a0 Biathlon\u00a0 Staffetta\u00a0 Juniores<br \/>\n-LUDOVICA DEL BIANCO\u00a0 Combinata\u00a0 U14<br \/>\n-GRETA PINZANI\u00a0 Combinata\u00a0 Aspiranti\/U16<br \/>\n-ANDREA GARTNER\u00a0 Fondo\u00a0 Sprint TC\u00a0 U20<br \/>\n-FRANCESCO CECON\u00a0 Salto\u00a0 Juniores<br \/>\n-CAMILLA COMAZZI\u00a0 Salto\u00a0 Aspiranti\/U16<br \/>\n-LUDOVICA DEL BIANCO\u00a0 Salto\u00a0 U14<br \/>\n-SQUADRA (<em>Greta Pinzani-Camilla Comazzi-Martino Zambenedetti<\/em>)\u00a0 Salto\u00a0 Aspiranti\/U16<\/p>\n<p><strong><span style=\"color: #808080\">ARGENTO<br \/>\n<\/span><\/strong>-ASTRID PLOSCH\u00a0 Biathlon\u00a0 Sprint\u00a0 Aspiranti<br \/>\n-ASTRID PLOSCH\u00a0 Biathlon\u00a0 Inseguimento\u00a0 Aspiranti<br \/>\n-DESIREE RIBBI\u00a0 Biathlon\u00a0 Inseguimento\u00a0 Allieve\/U15<br \/>\n-SQUADRA (<em>Fabio Cappellari-Alex Perissutti-Cesare Lozza<\/em>)\u00a0 Biathlon\u00a0 Staffetta\u00a0 Juniores<br \/>\n-SQUADRA CS Carabinieri (<em>Fabio Piller Cottrer-Mattia Piller Hoffer<\/em>)\u00a0 <em>Biathlon\u00a0 Staffetta\u00a0 Giovani<\/em><strong><br \/>\n-ALESSANDRO PITTIN\u00a0 Combinata\u00a0 Assoluti<br \/>\n<\/strong>-DAVIDE GRAZ\u00a0 Fondo\u00a0 Sprint TC\u00a0 U23<strong><br \/>\n<\/strong>-GABRIELE MONTELEONE\u00a0 Fondo\u00a0 Sprint TC\u00a0 U18<strong><br \/>\n-FRANCESCO CECON\u00a0 Salto\u00a0 Assoluti<br \/>\n<\/strong>-MARTINA ZANITZER\u00a0 Salto\u00a0 Aspiranti\/U16<\/p>\n<p><strong><span style=\"color: #993366\">BRONZO<br \/>\n<\/span><\/strong>-SERENA DEL FABBRO\u00a0 Biathlon\u00a0 Inseguimento\u00a0 Aspiranti\/U17<br \/>\n-DESIREE RIBBI\u00a0 Biathlon\u00a0 Sprint\u00a0 Allieve\/U15<br \/>\n-SARA SCATTOLO\u00a0 Biathlon\u00a0 Sprint\u00a0 Giovani\/U19<br \/>\n-SQUADRA (<em>Pietro Pallober, Lorenzo Solero e Nicolas Ribbi)\u00a0 <\/em>Biathlon\u00a0 Staffetta\u00a0 Giovani<br \/>\n-MARTINA ZANITZER\u00a0 Combinata\u00a0 Juniores<br \/>\n-MARIA GISMONDI\u00a0 Fondo\u00a0 7.5 km TC\u00a0 U18<br \/>\n-LUCA SCLISIZZO\u00a0 Fondo\u00a0 10 km TC\u00a0 U20<br \/>\n-LUCA SCLISIZZO\u00a0 Fondo\u00a0 10 km TL\u00a0 U20<br \/>\n-CAMILLA COMAZZI\u00a0 Salto\u00a0 Juniores<br \/>\n-ERIKA PINZANI\u00a0 Salto\u00a0 U14<br \/>\n-MARTINO ZAMBENEDETTI\u00a0 Salto\u00a0 Aspiranti\/U16<\/p>\n<p><em><strong>(in neretto i podi assoluti)<\/strong><\/em><\/p>\n<p>&nbsp;<\/p>\n","protected":false},"excerpt":{"rendered":"<p>Ludovica Del Bianco pigliatutto ai Campionati Italiani di salto e combinata nordica Under 14 femminile a Pellizzano. La lussarina si \u00e8 infatti aggiudicata entrambi i titoli, incrementando cos\u00ec un palmarese gi\u00e0 ricchissimo nonostante la giovane et\u00e0. Ma c&#8217;\u00e8 anche un altro podio FVG grazie alla compagna di squadra Erika Pinzani, terza nel salto (in copertina le due lussarine sul podio);&hellip;<\/p>\n","protected":false},"author":4,"featured_media":76218,"comment_status":"closed","ping_status":"closed","sticky":false,"template":"","format":"standard","meta":{"_acf_changed":false,"footnotes":""},"categories":[14,10,12],"tags":[],"acf":[],"_links":{"self":[{"href":"https:\/\/comitati.fisi.org\/friuli-venezia-giulia\/wp-json\/wp\/v2\/posts\/76125"}],"collection":[{"href":"https:\/\/comitati.fisi.org\/friuli-venezia-giulia\/wp-json\/wp\/v2\/posts"}],"about":[{"href":"https:\/\/comitati.fisi.org\/friuli-venezia-giulia\/wp-json\/wp\/v2\/types\/post"}],"author":[{"embeddable":true,"href":"https:\/\/comitati.fisi.org\/friuli-venezia-giulia\/wp-json\/wp\/v2\/users\/4"}],"replies":[{"embeddable":true,"href":"https:\/\/comitati.fisi.org\/friuli-venezia-giulia\/wp-json\/wp\/v2\/comments?post=76125"}],"version-history":[{"count":0,"href":"https:\/\/comitati.fisi.org\/friuli-venezia-giulia\/wp-json\/wp\/v2\/posts\/76125\/revisions"}],"wp:featuredmedia":[{"embeddable":true,"href":"https:\/\/comitati.fisi.org\/friuli-venezia-giulia\/wp-json\/wp\/v2\/media\/76218"}],"wp:attachment":[{"href":"https:\/\/comitati.fisi.org\/friuli-venezia-giulia\/wp-json\/wp\/v2\/media?parent=76125"}],"wp:term":[{"taxonomy":"category","embeddable":true,"href":"https:\/\/comitati.fisi.org\/friuli-venezia-giulia\/wp-json\/wp\/v2\/categories?post=76125"},{"taxonomy":"post_tag","embeddable":true,"href":"https:\/\/comitati.fisi.org\/friuli-venezia-giulia\/wp-json\/wp\/v2\/tags?post=76125"}],"curies":[{"name":"wp","href":"https:\/\/api.w.org\/{rel}","templated":true}]}}