{"id":76100,"date":"2021-02-18T17:21:14","date_gmt":"2021-02-18T16:21:14","guid":{"rendered":"https:\/\/www.fisifvg.org\/?p=76100"},"modified":"2021-02-18T17:21:14","modified_gmt":"2021-02-18T16:21:14","slug":"criterium-regionale-pulcini-a-tarvisio-variazione-specialita-e-categorie","status":"publish","type":"post","link":"https:\/\/comitati.fisi.org\/friuli-venezia-giulia\/blog\/2021\/02\/18\/criterium-regionale-pulcini-a-tarvisio-variazione-specialita-e-categorie\/","title":{"rendered":"Criterium Regionale Pulcini a Tarvisio, variazione specialit\u00e0 e categorie"},"content":{"rendered":"<p>Ci sono delle variazioni per quanto riguarda il Criterium Regionale Pulcini \u2013 Trofeo Luciano Lazzaro, organizzato a Tarvisio dal Bachmann Sport College.<\/p>\n<p>La prima novit\u00e0 riguarda le specialit\u00e0, che sono state invertite: di conseguenza sabato 27 febbraio si disputer\u00e0 uno slalom gigante, domenica 28 uno slalom speciale.<\/p>\n<p>La seconda novit\u00e0 riguarda solamente la gara di sabato 27, alla quale potranno partecipare anche i SuperBaby 1 (classe 2014) e Superbaby 2 (classe 2013).<\/p>\n","protected":false},"excerpt":{"rendered":"<p>Appuntamento il 27 e 28 febbraio con le gare organizzate dal Bachmann Sport College<\/p>\n","protected":false},"author":4,"featured_media":74835,"comment_status":"closed","ping_status":"closed","sticky":false,"template":"","format":"standard","meta":{"_acf_changed":false,"footnotes":""},"categories":[10,15],"tags":[],"acf":[],"_links":{"self":[{"href":"https:\/\/comitati.fisi.org\/friuli-venezia-giulia\/wp-json\/wp\/v2\/posts\/76100"}],"collection":[{"href":"https:\/\/comitati.fisi.org\/friuli-venezia-giulia\/wp-json\/wp\/v2\/posts"}],"about":[{"href":"https:\/\/comitati.fisi.org\/friuli-venezia-giulia\/wp-json\/wp\/v2\/types\/post"}],"author":[{"embeddable":true,"href":"https:\/\/comitati.fisi.org\/friuli-venezia-giulia\/wp-json\/wp\/v2\/users\/4"}],"replies":[{"embeddable":true,"href":"https:\/\/comitati.fisi.org\/friuli-venezia-giulia\/wp-json\/wp\/v2\/comments?post=76100"}],"version-history":[{"count":0,"href":"https:\/\/comitati.fisi.org\/friuli-venezia-giulia\/wp-json\/wp\/v2\/posts\/76100\/revisions"}],"wp:featuredmedia":[{"embeddable":true,"href":"https:\/\/comitati.fisi.org\/friuli-venezia-giulia\/wp-json\/wp\/v2\/media\/74835"}],"wp:attachment":[{"href":"https:\/\/comitati.fisi.org\/friuli-venezia-giulia\/wp-json\/wp\/v2\/media?parent=76100"}],"wp:term":[{"taxonomy":"category","embeddable":true,"href":"https:\/\/comitati.fisi.org\/friuli-venezia-giulia\/wp-json\/wp\/v2\/categories?post=76100"},{"taxonomy":"post_tag","embeddable":true,"href":"https:\/\/comitati.fisi.org\/friuli-venezia-giulia\/wp-json\/wp\/v2\/tags?post=76100"}],"curies":[{"name":"wp","href":"https:\/\/api.w.org\/{rel}","templated":true}]}}