{"id":76063,"date":"2021-02-18T14:34:55","date_gmt":"2021-02-18T13:34:55","guid":{"rendered":"https:\/\/www.fisifvg.org\/?p=76063"},"modified":"2021-02-18T14:34:55","modified_gmt":"2021-02-18T13:34:55","slug":"mani-vince-la-seconda-discesa-del-gp-italia-di-sella-nevea-3-lazzurro-molteni","status":"publish","type":"post","link":"https:\/\/comitati.fisi.org\/friuli-venezia-giulia\/blog\/2021\/02\/18\/mani-vince-la-seconda-discesa-del-gp-italia-di-sella-nevea-3-lazzurro-molteni\/","title":{"rendered":"Mani vince la seconda discesa del GP Italia di Sella Nevea, 3\u00b0 l&#8217;azzurro Molteni"},"content":{"rendered":"<p>Lo svizzero Nils Mani si \u00e8 aggiudicato la seconda discesa FIS organizzata a Sella Nevea da US Camporosso, anche oggi svolta in due manche.<\/p>\n<div id=\"attachment_76091\" style=\"width: 410px\" class=\"wp-caption alignright\"><a href=\"http:\/\/comitati.fisi.org\/friuli-venezia-giulia\/wp-content\/uploads\/sites\/34\/2021\/02\/6ef9520f-909e-4bab-9087-1da538d9d97c.jpg\"><img loading=\"lazy\" decoding=\"async\" aria-describedby=\"caption-attachment-76091\" class=\"wp-image-76091\" src=\"http:\/\/comitati.fisi.org\/friuli-venezia-giulia\/wp-content\/uploads\/sites\/34\/2021\/02\/6ef9520f-909e-4bab-9087-1da538d9d97c-400x400.jpg\" alt=\"\" width=\"400\" height=\"300\" \/><\/a><p id=\"caption-attachment-76091\" class=\"wp-caption-text\">Il podio Giovani<\/p><\/div>\n<p>Mani, al comando anche a met\u00e0 gara, ha preceduto di 0&#8243;38 il francese Schuller e di 0&#8243;52 l&#8217;azzurro Nicol\u00f2 Molteni, risalito dal quindicesimo al terzo posto grazie al miglior tempo parziale. Quinto il vincitore di ieri, il francese Giezendaller.<\/p>\n<p>Sfortunato Luca Taranzano, trentunesimo nella prima manche: per un solo centesimo non ha potuto prendere il via per primo nella seconda prova, che sarebbe stato un indubbio vantaggio. Poi il lussarino uscir\u00e0.<\/p>\n<p>La gara si \u00e8 chiusa dopo la partenza di Thomas Della Libera (53\u00b0 a prendere il via nella seconda manche), che si \u00e8 infortunato.\u00a0Siccome il soccorso \u00e8 stato lungo, la gara \u00e8 stata interrotta a causa della scarsa visibilit\u00e0 in pista.<\/p>\n<p>Venerd\u00ec il superG.<\/p>\n<p><a href=\"http:\/\/comitati.fisi.org\/friuli-venezia-giulia\/wp-content\/uploads\/sites\/34\/2021\/02\/RS.DH_.18.2.pdf\">CLASSIFICA<\/a><br \/>\n<a href=\"http:\/\/comitati.fisi.org\/friuli-venezia-giulia\/wp-content\/uploads\/sites\/34\/2021\/02\/RS.DH_.U21.18.2.pdf\">CLASSIFICA GIOVANI<\/a><\/p>\n<p><a href=\"http:\/\/comitati.fisi.org\/friuli-venezia-giulia\/wp-content\/uploads\/sites\/34\/2021\/02\/1377195887.pdf\">PROGRAMMA SUPERG<\/a><br \/>\n<a href=\"http:\/\/comitati.fisi.org\/friuli-venezia-giulia\/wp-content\/uploads\/sites\/34\/2021\/02\/794756951.pdf\">START LIST SUPERG<\/a><\/p>\n<p><em><strong>(in copertina il podio)<\/strong><\/em><\/p>\n","protected":false},"excerpt":{"rendered":"<p>Sfortunato Luca Taranzano, trentunesimo nella prima manche: per un solo centesimo non ha potuto prendere il via per primo nella seconda prova<\/p>\n","protected":false},"author":4,"featured_media":76090,"comment_status":"closed","ping_status":"closed","sticky":false,"template":"","format":"standard","meta":{"_acf_changed":false,"footnotes":""},"categories":[10,15],"tags":[],"acf":[],"_links":{"self":[{"href":"https:\/\/comitati.fisi.org\/friuli-venezia-giulia\/wp-json\/wp\/v2\/posts\/76063"}],"collection":[{"href":"https:\/\/comitati.fisi.org\/friuli-venezia-giulia\/wp-json\/wp\/v2\/posts"}],"about":[{"href":"https:\/\/comitati.fisi.org\/friuli-venezia-giulia\/wp-json\/wp\/v2\/types\/post"}],"author":[{"embeddable":true,"href":"https:\/\/comitati.fisi.org\/friuli-venezia-giulia\/wp-json\/wp\/v2\/users\/4"}],"replies":[{"embeddable":true,"href":"https:\/\/comitati.fisi.org\/friuli-venezia-giulia\/wp-json\/wp\/v2\/comments?post=76063"}],"version-history":[{"count":0,"href":"https:\/\/comitati.fisi.org\/friuli-venezia-giulia\/wp-json\/wp\/v2\/posts\/76063\/revisions"}],"wp:featuredmedia":[{"embeddable":true,"href":"https:\/\/comitati.fisi.org\/friuli-venezia-giulia\/wp-json\/wp\/v2\/media\/76090"}],"wp:attachment":[{"href":"https:\/\/comitati.fisi.org\/friuli-venezia-giulia\/wp-json\/wp\/v2\/media?parent=76063"}],"wp:term":[{"taxonomy":"category","embeddable":true,"href":"https:\/\/comitati.fisi.org\/friuli-venezia-giulia\/wp-json\/wp\/v2\/categories?post=76063"},{"taxonomy":"post_tag","embeddable":true,"href":"https:\/\/comitati.fisi.org\/friuli-venezia-giulia\/wp-json\/wp\/v2\/tags?post=76063"}],"curies":[{"name":"wp","href":"https:\/\/api.w.org\/{rel}","templated":true}]}}