{"id":75987,"date":"2021-02-17T14:23:04","date_gmt":"2021-02-17T13:23:04","guid":{"rendered":"https:\/\/www.fisifvg.org\/?p=75987"},"modified":"2021-02-17T14:23:04","modified_gmt":"2021-02-17T13:23:04","slug":"il-francese-giezendanner-vince-la-discesa-del-gp-italia-di-sella-nevea","status":"publish","type":"post","link":"https:\/\/comitati.fisi.org\/friuli-venezia-giulia\/blog\/2021\/02\/17\/il-francese-giezendanner-vince-la-discesa-del-gp-italia-di-sella-nevea\/","title":{"rendered":"Il francese Giezendanner vince la discesa del GP Italia di Sella Nevea"},"content":{"rendered":"<p>La pista Canin di Sella Nevea ha ospitato oggi una discesa FIS valida per il Gran Premio Italia, organizzata dall&#8217;US Camporosso, presenti anche velocisti solitamente al via in Coppa del Mondo.<\/p>\n<p>La prova si \u00e8 disputata in due manche e a vincere \u00e8 stato proprio un nome noto, il francese Blaise Giezendanner, al comando anche a met\u00e0 gara, che ha preceduto di 0&#8243;18 l&#8217;austriaco Stefan Babinski e di 0&#8243;32 il connazionale Roy Piccard <em><strong>(in copertina il podio),<\/strong><\/em> risalito dall&#8217;undicesimo al terzo posto grazie al miglior tempo nella seconda manche.<\/p>\n<p><a href=\"http:\/\/comitati.fisi.org\/friuli-venezia-giulia\/wp-content\/uploads\/sites\/34\/2021\/02\/d4a24197-ec9a-4616-964b-1225b83531e0.jpg\"><img loading=\"lazy\" decoding=\"async\" class=\"aligncenter wp-image-76027\" src=\"http:\/\/comitati.fisi.org\/friuli-venezia-giulia\/wp-content\/uploads\/sites\/34\/2021\/02\/d4a24197-ec9a-4616-964b-1225b83531e0-400x400.jpg\" alt=\"\" width=\"600\" height=\"382\" \/><\/a><\/p>\n<p>Primo italiano Luca Resinelli, decimo a 0&#8243;76, mentre Luca Taranzano dello Sci CAI Monte Lussari ha chiuso 36\u00b0 a 2&#8243;12, piazzandosi quinto nella classifica del GP Italia Senior, riservata agli sciatori non inseriti nelle squadre nazionali.<\/p>\n<p>Gioved\u00ec un&#8217;altra discesa, chiusura venerd\u00ec con il superG.<\/p>\n<p><a href=\"http:\/\/comitati.fisi.org\/friuli-venezia-giulia\/wp-content\/uploads\/sites\/34\/2021\/02\/RS.DH_.17.2.pdf\">CLASSIFICA<\/a><br \/>\n<a href=\"http:\/\/comitati.fisi.org\/friuli-venezia-giulia\/wp-content\/uploads\/sites\/34\/2021\/02\/RS.DH_.U21.17.2.pdf\">CLASSIFICA GIOVANI<\/a><br \/>\n<a href=\"http:\/\/comitati.fisi.org\/friuli-venezia-giulia\/wp-content\/uploads\/sites\/34\/2021\/02\/RS.DH_.U18.17.pdf\">CLASSIFICA ASPIRANTI<\/a><\/p>\n<p><a href=\"http:\/\/comitati.fisi.org\/friuli-venezia-giulia\/wp-content\/uploads\/sites\/34\/2021\/02\/SL.DH_.TRA_.18.2.pdf\">START LIST GIOVEDI&#8217;<\/a><br \/>\n<a href=\"http:\/\/comitati.fisi.org\/friuli-venezia-giulia\/wp-content\/uploads\/sites\/34\/2021\/02\/Program_FIS_2020-NEW-3.pdf\">PROGRAMMA GIOVEDI&#8217;<\/a><\/p>\n<p><a href=\"http:\/\/comitati.fisi.org\/friuli-venezia-giulia\/wp-content\/uploads\/sites\/34\/2021\/02\/eecb2837-a10b-43cd-a839-a77499634cf8.jpg\"><img loading=\"lazy\" decoding=\"async\" class=\"aligncenter wp-image-76028 size-medium\" src=\"http:\/\/comitati.fisi.org\/friuli-venezia-giulia\/wp-content\/uploads\/sites\/34\/2021\/02\/eecb2837-a10b-43cd-a839-a77499634cf8-600x491.jpg\" alt=\"\" width=\"600\" height=\"491\" \/><\/a><\/p>\n<p>&nbsp;<\/p>\n<p>&nbsp;<\/p>\n","protected":false},"excerpt":{"rendered":"<p>Gioved\u00ec un&#8217;altra discesa, chiusura venerd\u00ec con il superG.<\/p>\n","protected":false},"author":4,"featured_media":76026,"comment_status":"closed","ping_status":"closed","sticky":false,"template":"","format":"standard","meta":{"_acf_changed":false,"footnotes":""},"categories":[15],"tags":[],"acf":[],"_links":{"self":[{"href":"https:\/\/comitati.fisi.org\/friuli-venezia-giulia\/wp-json\/wp\/v2\/posts\/75987"}],"collection":[{"href":"https:\/\/comitati.fisi.org\/friuli-venezia-giulia\/wp-json\/wp\/v2\/posts"}],"about":[{"href":"https:\/\/comitati.fisi.org\/friuli-venezia-giulia\/wp-json\/wp\/v2\/types\/post"}],"author":[{"embeddable":true,"href":"https:\/\/comitati.fisi.org\/friuli-venezia-giulia\/wp-json\/wp\/v2\/users\/4"}],"replies":[{"embeddable":true,"href":"https:\/\/comitati.fisi.org\/friuli-venezia-giulia\/wp-json\/wp\/v2\/comments?post=75987"}],"version-history":[{"count":0,"href":"https:\/\/comitati.fisi.org\/friuli-venezia-giulia\/wp-json\/wp\/v2\/posts\/75987\/revisions"}],"wp:featuredmedia":[{"embeddable":true,"href":"https:\/\/comitati.fisi.org\/friuli-venezia-giulia\/wp-json\/wp\/v2\/media\/76026"}],"wp:attachment":[{"href":"https:\/\/comitati.fisi.org\/friuli-venezia-giulia\/wp-json\/wp\/v2\/media?parent=75987"}],"wp:term":[{"taxonomy":"category","embeddable":true,"href":"https:\/\/comitati.fisi.org\/friuli-venezia-giulia\/wp-json\/wp\/v2\/categories?post=75987"},{"taxonomy":"post_tag","embeddable":true,"href":"https:\/\/comitati.fisi.org\/friuli-venezia-giulia\/wp-json\/wp\/v2\/tags?post=75987"}],"curies":[{"name":"wp","href":"https:\/\/api.w.org\/{rel}","templated":true}]}}