{"id":75843,"date":"2021-02-14T19:29:04","date_gmt":"2021-02-14T18:29:04","guid":{"rendered":"https:\/\/www.fisifvg.org\/?p=75843"},"modified":"2021-02-14T19:29:04","modified_gmt":"2021-02-14T18:29:04","slug":"il-presidente-della-fisi-roda-sullo-sci-mancano-serieta-e-correttezza","status":"publish","type":"post","link":"https:\/\/comitati.fisi.org\/friuli-venezia-giulia\/blog\/2021\/02\/14\/il-presidente-della-fisi-roda-sullo-sci-mancano-serieta-e-correttezza\/","title":{"rendered":"Il presidente della FISI Roda: \u00abSullo sci mancano seriet\u00e0 e correttezza\u00bb"},"content":{"rendered":"<p><span style=\"font-size: 1rem\">Appena appreso della firma dell\u2019ordinanza che impone la non riapertura degli impianti, il presidente della Federazione Italiana Sport Invernali, Flavio Roda, ha voluto prendere una netta posizione: \u201cAncora una volta la tempistica dell\u2019informazione sembra non aver rispetto per gli italiani che lavorano &#8211; ha detto Roda -. La scorsa settimana il Cts ha dato l\u2019ok alla riapertura delle stazioni adesso ci troviamo alle 19.30 della sera prima della riapertura con questa ordinanza che chiude tutto. Le stazioni hanno investito molto per preparare piste, assumere personale, per organizzarsi con gli albergatori. Sono stati investiti moltissimi soldi e ancora una volta il nostro mondo viene duramente penalizzato. Ci vogliono pi\u00f9 seriet\u00e0 e pi\u00f9 correttezza. Solo lo sci infetta?\u201d<\/span><\/p>\n","protected":false},"excerpt":{"rendered":"<p>Dopo aver appreso della firma dell\u2019ordinanza che impone la non riapertura degli impianti<\/p>\n","protected":false},"author":4,"featured_media":32759,"comment_status":"closed","ping_status":"closed","sticky":false,"template":"","format":"standard","meta":{"_acf_changed":false,"footnotes":""},"categories":[21,10,17],"tags":[],"acf":[],"_links":{"self":[{"href":"https:\/\/comitati.fisi.org\/friuli-venezia-giulia\/wp-json\/wp\/v2\/posts\/75843"}],"collection":[{"href":"https:\/\/comitati.fisi.org\/friuli-venezia-giulia\/wp-json\/wp\/v2\/posts"}],"about":[{"href":"https:\/\/comitati.fisi.org\/friuli-venezia-giulia\/wp-json\/wp\/v2\/types\/post"}],"author":[{"embeddable":true,"href":"https:\/\/comitati.fisi.org\/friuli-venezia-giulia\/wp-json\/wp\/v2\/users\/4"}],"replies":[{"embeddable":true,"href":"https:\/\/comitati.fisi.org\/friuli-venezia-giulia\/wp-json\/wp\/v2\/comments?post=75843"}],"version-history":[{"count":0,"href":"https:\/\/comitati.fisi.org\/friuli-venezia-giulia\/wp-json\/wp\/v2\/posts\/75843\/revisions"}],"wp:featuredmedia":[{"embeddable":true,"href":"https:\/\/comitati.fisi.org\/friuli-venezia-giulia\/wp-json\/wp\/v2\/media\/32759"}],"wp:attachment":[{"href":"https:\/\/comitati.fisi.org\/friuli-venezia-giulia\/wp-json\/wp\/v2\/media?parent=75843"}],"wp:term":[{"taxonomy":"category","embeddable":true,"href":"https:\/\/comitati.fisi.org\/friuli-venezia-giulia\/wp-json\/wp\/v2\/categories?post=75843"},{"taxonomy":"post_tag","embeddable":true,"href":"https:\/\/comitati.fisi.org\/friuli-venezia-giulia\/wp-json\/wp\/v2\/tags?post=75843"}],"curies":[{"name":"wp","href":"https:\/\/api.w.org\/{rel}","templated":true}]}}