{"id":75673,"date":"2021-02-13T15:40:34","date_gmt":"2021-02-13T14:40:34","guid":{"rendered":"https:\/\/www.fisifvg.org\/?p=75673"},"modified":"2021-02-13T15:40:34","modified_gmt":"2021-02-13T14:40:34","slug":"andrea-craievich-di-nuovo-sul-podio-nella-fis-njr-di-forni-di-sopra","status":"publish","type":"post","link":"https:\/\/comitati.fisi.org\/friuli-venezia-giulia\/blog\/2021\/02\/13\/andrea-craievich-di-nuovo-sul-podio-nella-fis-njr-di-forni-di-sopra\/","title":{"rendered":"Andrea Craievich di nuovo sul podio nella FIS NJR di Forni di Sopra"},"content":{"rendered":"<p>La tappa FIS NJR di Forni di Sopra, organizzata dallo Sci CAI Trieste, si chiude con un altro podio per Andrea Craievich, ieri vincitrice del primo gigante e oggi seconda a soli 17 centesimi dalla vincitrice Sofia Vignadini, con podio completato da Patrizia Gasslitter, terza a 0&#8243;34.<\/p>\n<p>La Vignadini vince tra le Aspiranti in una classifica che vede Caterina Sinigoi settima.<\/p>\n<p>La targa in memoria di Rossana Rinaldi \u00e8 andata a Ambr\u00e0 Pomar\u00e8.<\/p>\n<p><a href=\"http:\/\/comitati.fisi.org\/friuli-venezia-giulia\/wp-content\/uploads\/sites\/34\/2021\/02\/Classifica-FEMMINILE.pdf\">Classifica GIOVANI<\/a><br \/>\n<a href=\"http:\/\/comitati.fisi.org\/friuli-venezia-giulia\/wp-content\/uploads\/sites\/34\/2021\/02\/Classifica-ASP-FEMMINE.pdf\">Classifica ASPIRANTI<\/a><\/p>\n<p><em><strong>(nella foto di copertina il podio, con Andrea prima da destra)<\/strong><\/em><\/p>\n","protected":false},"excerpt":{"rendered":"<p>La tappa organizzata dallo Sci CAI Trieste si chiude con un altro podio per la ragazza triestina<\/p>\n","protected":false},"author":4,"featured_media":75697,"comment_status":"closed","ping_status":"closed","sticky":false,"template":"","format":"standard","meta":{"_acf_changed":false,"footnotes":""},"categories":[15],"tags":[],"acf":[],"_links":{"self":[{"href":"https:\/\/comitati.fisi.org\/friuli-venezia-giulia\/wp-json\/wp\/v2\/posts\/75673"}],"collection":[{"href":"https:\/\/comitati.fisi.org\/friuli-venezia-giulia\/wp-json\/wp\/v2\/posts"}],"about":[{"href":"https:\/\/comitati.fisi.org\/friuli-venezia-giulia\/wp-json\/wp\/v2\/types\/post"}],"author":[{"embeddable":true,"href":"https:\/\/comitati.fisi.org\/friuli-venezia-giulia\/wp-json\/wp\/v2\/users\/4"}],"replies":[{"embeddable":true,"href":"https:\/\/comitati.fisi.org\/friuli-venezia-giulia\/wp-json\/wp\/v2\/comments?post=75673"}],"version-history":[{"count":0,"href":"https:\/\/comitati.fisi.org\/friuli-venezia-giulia\/wp-json\/wp\/v2\/posts\/75673\/revisions"}],"wp:featuredmedia":[{"embeddable":true,"href":"https:\/\/comitati.fisi.org\/friuli-venezia-giulia\/wp-json\/wp\/v2\/media\/75697"}],"wp:attachment":[{"href":"https:\/\/comitati.fisi.org\/friuli-venezia-giulia\/wp-json\/wp\/v2\/media?parent=75673"}],"wp:term":[{"taxonomy":"category","embeddable":true,"href":"https:\/\/comitati.fisi.org\/friuli-venezia-giulia\/wp-json\/wp\/v2\/categories?post=75673"},{"taxonomy":"post_tag","embeddable":true,"href":"https:\/\/comitati.fisi.org\/friuli-venezia-giulia\/wp-json\/wp\/v2\/tags?post=75673"}],"curies":[{"name":"wp","href":"https:\/\/api.w.org\/{rel}","templated":true}]}}