{"id":75537,"date":"2021-02-13T15:32:48","date_gmt":"2021-02-13T14:32:48","guid":{"rendered":"https:\/\/www.fisifvg.org\/?p=75537"},"modified":"2021-02-13T15:32:48","modified_gmt":"2021-02-13T14:32:48","slug":"gran-5-posto-di-lisa-vittozzi-nella-sprint-dei-mondiali-di-biathlon","status":"publish","type":"post","link":"https:\/\/comitati.fisi.org\/friuli-venezia-giulia\/blog\/2021\/02\/13\/gran-5-posto-di-lisa-vittozzi-nella-sprint-dei-mondiali-di-biathlon\/","title":{"rendered":"Gran 5\u00b0 posto di Lisa Vittozzi nella sprint dei Mondiali di biathlon"},"content":{"rendered":"<p>Ottima prova di Lisa Vittozzi nella prima prova individuale dei Mondiali di biathlon a Pokljuka, in Slovenia.<\/p>\n<p>La sappadina \u00e8 giunta quinta nella 7.5 km sprint, lontana 37&#8243;7 dalla vincitrice Eckhoff e 23&#8243;3 dal podio.<\/p>\n<p>Lisa \u00e8 stata perfetta al tiro, ma al secondo poligono le \u00e8 caduto il caricatore e naturalmente qualche secondo se n&#8217;\u00e8 andato. Resta comunque una grande prestazione, la migliore della stagione.<\/p>\n<p>Sul podio anche la francese Chevalier e, a sorpresa, la bielorussa Sola.<\/p>\n<p>Domenica alle 15.30 le donne scenderanno di nuovo in pista per la 10 km ad inseguimento, con Lisa che partir\u00e0 per arrivare&#8230; lontano.<\/p>\n<p><a style=\"font-size: 1rem\" href=\"https:\/\/www.biathlonworld.com\/competitions\/ibu-world-championship\/events\/ibu-world-championships-biathlon-pokljuka-2021\/bt2021swrlch__\/race\/women-75km-sprint\/bt2021swrlch__swsp\/\">CLASSIFICA<\/a><\/p>\n","protected":false},"excerpt":{"rendered":"<p>Miglior piazzamento stagionale per la sappadina nella 7.5 km di Pokljuka<\/p>\n","protected":false},"author":4,"featured_media":73454,"comment_status":"closed","ping_status":"closed","sticky":false,"template":"","format":"standard","meta":{"_acf_changed":false,"footnotes":""},"categories":[13,10],"tags":[],"acf":[],"_links":{"self":[{"href":"https:\/\/comitati.fisi.org\/friuli-venezia-giulia\/wp-json\/wp\/v2\/posts\/75537"}],"collection":[{"href":"https:\/\/comitati.fisi.org\/friuli-venezia-giulia\/wp-json\/wp\/v2\/posts"}],"about":[{"href":"https:\/\/comitati.fisi.org\/friuli-venezia-giulia\/wp-json\/wp\/v2\/types\/post"}],"author":[{"embeddable":true,"href":"https:\/\/comitati.fisi.org\/friuli-venezia-giulia\/wp-json\/wp\/v2\/users\/4"}],"replies":[{"embeddable":true,"href":"https:\/\/comitati.fisi.org\/friuli-venezia-giulia\/wp-json\/wp\/v2\/comments?post=75537"}],"version-history":[{"count":0,"href":"https:\/\/comitati.fisi.org\/friuli-venezia-giulia\/wp-json\/wp\/v2\/posts\/75537\/revisions"}],"wp:featuredmedia":[{"embeddable":true,"href":"https:\/\/comitati.fisi.org\/friuli-venezia-giulia\/wp-json\/wp\/v2\/media\/73454"}],"wp:attachment":[{"href":"https:\/\/comitati.fisi.org\/friuli-venezia-giulia\/wp-json\/wp\/v2\/media?parent=75537"}],"wp:term":[{"taxonomy":"category","embeddable":true,"href":"https:\/\/comitati.fisi.org\/friuli-venezia-giulia\/wp-json\/wp\/v2\/categories?post=75537"},{"taxonomy":"post_tag","embeddable":true,"href":"https:\/\/comitati.fisi.org\/friuli-venezia-giulia\/wp-json\/wp\/v2\/tags?post=75537"}],"curies":[{"name":"wp","href":"https:\/\/api.w.org\/{rel}","templated":true}]}}