{"id":75422,"date":"2021-02-10T15:20:52","date_gmt":"2021-02-10T14:20:52","guid":{"rendered":"https:\/\/www.fisifvg.org\/?p=75422"},"modified":"2021-02-10T15:20:52","modified_gmt":"2021-02-10T14:20:52","slug":"buzzi-ai-mondiali-arrivo-a-cortina-in-sordina-ma-con-tanta-voglia-di-fare-bene","status":"publish","type":"post","link":"https:\/\/comitati.fisi.org\/friuli-venezia-giulia\/blog\/2021\/02\/10\/buzzi-ai-mondiali-arrivo-a-cortina-in-sordina-ma-con-tanta-voglia-di-fare-bene\/","title":{"rendered":"Buzzi ai Mondiali: \u00abArrivo a Cortina in sordina, ma con tanta voglia di fare bene\u00bb"},"content":{"rendered":"<p>Gioved\u00ec alle 13 Emanuele Buzzi sar\u00e0 al via del superG dei Mondiali di Cortina, sua seconda partecipazione dopo St.Moritz 2017.<\/p>\n<p>&#8220;Arrivo a questa rassegna iridata un po\u2019 in sordina, ma con tanta voglia di fare bene &#8211; dice il sappadino . Far\u00f2 il superG, poi vediamo che cosa accadr\u00e0 per la discesa di domenica. C\u2019\u00e8 stato un bel tira e molla con il programma e le prime due giornate sono state cancellate. Con gli sport all\u2019aperto, si sa, il meteo fa parte del gioco e la cosa pi\u00f9 di tanto non ci ha disturbato. Da domani, per\u00f2, dovrebbe essere bello e credo che la pista sar\u00e0 in condizioni perfette perch\u00e9 l\u2019organizzazione ha fatto un gran lavoro&#8221;.<\/p>\n<p>&#8220;La pista, che in occasione dei Tricolori del 2019 non avevo potuto provare perch\u00e9 ero infortunato dopo la caduta di Wengen, l&#8217;ho potuta vedere per la prima volta ieri &#8211; prosegue Lele -. Dopo l\u2019allenamento del mattino sulla Lacedelli delle Cinque Torri, infatti, siamo andati sulla pista Vertigine: per quel che sono riuscito a vedere, perch\u00e9 la nebbia era fitta, \u00e8 davvero una bella pista. Vediamo quanto neve ci fa sopra in queste ore e quanto si compatter\u00e0&#8221;.<\/p>\n","protected":false},"excerpt":{"rendered":"<p>Gioved\u00ec alle 13 il sappadino sar\u00e0 al via del superG, sua seconda partecipazione iridata dopo St.Moritz 2017<\/p>\n","protected":false},"author":4,"featured_media":72872,"comment_status":"closed","ping_status":"closed","sticky":false,"template":"","format":"standard","meta":{"_acf_changed":false,"footnotes":""},"categories":[15],"tags":[],"acf":[],"_links":{"self":[{"href":"https:\/\/comitati.fisi.org\/friuli-venezia-giulia\/wp-json\/wp\/v2\/posts\/75422"}],"collection":[{"href":"https:\/\/comitati.fisi.org\/friuli-venezia-giulia\/wp-json\/wp\/v2\/posts"}],"about":[{"href":"https:\/\/comitati.fisi.org\/friuli-venezia-giulia\/wp-json\/wp\/v2\/types\/post"}],"author":[{"embeddable":true,"href":"https:\/\/comitati.fisi.org\/friuli-venezia-giulia\/wp-json\/wp\/v2\/users\/4"}],"replies":[{"embeddable":true,"href":"https:\/\/comitati.fisi.org\/friuli-venezia-giulia\/wp-json\/wp\/v2\/comments?post=75422"}],"version-history":[{"count":0,"href":"https:\/\/comitati.fisi.org\/friuli-venezia-giulia\/wp-json\/wp\/v2\/posts\/75422\/revisions"}],"wp:featuredmedia":[{"embeddable":true,"href":"https:\/\/comitati.fisi.org\/friuli-venezia-giulia\/wp-json\/wp\/v2\/media\/72872"}],"wp:attachment":[{"href":"https:\/\/comitati.fisi.org\/friuli-venezia-giulia\/wp-json\/wp\/v2\/media?parent=75422"}],"wp:term":[{"taxonomy":"category","embeddable":true,"href":"https:\/\/comitati.fisi.org\/friuli-venezia-giulia\/wp-json\/wp\/v2\/categories?post=75422"},{"taxonomy":"post_tag","embeddable":true,"href":"https:\/\/comitati.fisi.org\/friuli-venezia-giulia\/wp-json\/wp\/v2\/tags?post=75422"}],"curies":[{"name":"wp","href":"https:\/\/api.w.org\/{rel}","templated":true}]}}