{"id":75398,"date":"2021-02-10T10:04:00","date_gmt":"2021-02-10T09:04:00","guid":{"rendered":"https:\/\/www.fisifvg.org\/?p=75398"},"modified":"2021-02-10T10:04:00","modified_gmt":"2021-02-10T09:04:00","slug":"buone-indicazioni-per-cecon-dai-primi-allenamenti-dei-mondiali-juniores-di-salto-con-gli-sci","status":"publish","type":"post","link":"https:\/\/comitati.fisi.org\/friuli-venezia-giulia\/blog\/2021\/02\/10\/buone-indicazioni-per-cecon-dai-primi-allenamenti-dei-mondiali-juniores-di-salto-con-gli-sci\/","title":{"rendered":"Buone indicazioni per Cecon dai primi allenamenti dei Mondiali Juniores di salto"},"content":{"rendered":"<p>Buone indicazioni dai primi allenamenti per Francesco Cecon a Lahti, in Finlandia, dove sono in corso i Mondiali Juniores di sci nordico.<\/p>\n<p>Il 19enne della squadra FISI FVG e del Bachmann Sport College <em><strong>(nella foto)<\/strong> <\/em>nei due salti di prova effettuati nel tardo pomeriggio di ieri, assenti polacchi e austriaci, ha ottenuto prima la decima e poi l&#8217;ottava misura.<br \/>\nIl compagno di club e di Comitato Andrea Campregher, invece, \u00e8 stato nell&#8217;ordine 33\u00b0 e 26\u00b0. La gara che assegner\u00e0 le medaglie del salto maschile \u00e8 in programma gioved\u00ec 11 alle 17.<\/p>\n<p>Nella stessa giornata, alle 8.45, si svolger\u00e0 la prova femminile, inizialmente prevista oggi, con in gara Martina Zanitzer, ieri 23a e 31a in allenamento dopo aver ricevuto gli sci solo qualche ora prima. Un problema che ha riguardato anche atlete di altre nazioni, tanto da indurre la Federazione internazionale a posticipare la prova al mattino seguente.<\/p>\n<p><a href=\"https:\/\/www.fis-ski.com\/DB\/general\/event-details.html?sectorcode=JP&amp;eventid=48552&amp;seasoncode=2021\">PROGRAMMA<\/a><\/p>\n","protected":false},"excerpt":{"rendered":"<p>La gara si svolger\u00e0 gioved\u00ec. In Finlandia anche Andrea Campregher e Martina Zanitzer<\/p>\n","protected":false},"author":4,"featured_media":74127,"comment_status":"closed","ping_status":"closed","sticky":false,"template":"","format":"standard","meta":{"_acf_changed":false,"footnotes":""},"categories":[10,12],"tags":[],"acf":[],"_links":{"self":[{"href":"https:\/\/comitati.fisi.org\/friuli-venezia-giulia\/wp-json\/wp\/v2\/posts\/75398"}],"collection":[{"href":"https:\/\/comitati.fisi.org\/friuli-venezia-giulia\/wp-json\/wp\/v2\/posts"}],"about":[{"href":"https:\/\/comitati.fisi.org\/friuli-venezia-giulia\/wp-json\/wp\/v2\/types\/post"}],"author":[{"embeddable":true,"href":"https:\/\/comitati.fisi.org\/friuli-venezia-giulia\/wp-json\/wp\/v2\/users\/4"}],"replies":[{"embeddable":true,"href":"https:\/\/comitati.fisi.org\/friuli-venezia-giulia\/wp-json\/wp\/v2\/comments?post=75398"}],"version-history":[{"count":0,"href":"https:\/\/comitati.fisi.org\/friuli-venezia-giulia\/wp-json\/wp\/v2\/posts\/75398\/revisions"}],"wp:featuredmedia":[{"embeddable":true,"href":"https:\/\/comitati.fisi.org\/friuli-venezia-giulia\/wp-json\/wp\/v2\/media\/74127"}],"wp:attachment":[{"href":"https:\/\/comitati.fisi.org\/friuli-venezia-giulia\/wp-json\/wp\/v2\/media?parent=75398"}],"wp:term":[{"taxonomy":"category","embeddable":true,"href":"https:\/\/comitati.fisi.org\/friuli-venezia-giulia\/wp-json\/wp\/v2\/categories?post=75398"},{"taxonomy":"post_tag","embeddable":true,"href":"https:\/\/comitati.fisi.org\/friuli-venezia-giulia\/wp-json\/wp\/v2\/tags?post=75398"}],"curies":[{"name":"wp","href":"https:\/\/api.w.org\/{rel}","templated":true}]}}