{"id":75381,"date":"2021-02-09T15:58:45","date_gmt":"2021-02-09T14:58:45","guid":{"rendered":"https:\/\/www.fisifvg.org\/?p=75381"},"modified":"2021-02-09T15:58:45","modified_gmt":"2021-02-09T14:58:45","slug":"al-via-i-mondiali-di-biathlon-lisa-vittozzi-ultima-frazionista-della-staffetta-mista","status":"publish","type":"post","link":"https:\/\/comitati.fisi.org\/friuli-venezia-giulia\/blog\/2021\/02\/09\/al-via-i-mondiali-di-biathlon-lisa-vittozzi-ultima-frazionista-della-staffetta-mista\/","title":{"rendered":"Al via i Mondiali di biathlon, Lisa Vittozzi ultima frazionista della staffetta mista"},"content":{"rendered":"<p>La staffetta mista, in programma mercoled\u00ec 10 febbraio alle 15, apre l&#8217;edizione 2021 dei Mondiali di biathlon, in programma fino a domenica 21 a Pokljuka, in Slovenia, non lontana dal confine del Friuli Venezia Giulia.<\/p>\n<p>L&#8217;Italia in questo format di gara \u00e8 sempre salita sul podio negli ultimi grandi eventi (bronzo alle Olimpiadi di Pyeonchang 2018, bronzo ai Mondiali di Ostersund 2019, argento l&#8217;anno scorso nella rassegna iridata di Anterselva.<\/p>\n<p>In tutti i casi era presente anche Lisa Vittozzi, che in quest&#8217;occasione verr\u00e0 schierata in un&#8217;inedita ultima frazione. Al lancio ci sar\u00e0 la novit\u00e0 Didier Bionaz, poi Lukas Hofer. Quindi toccher\u00e0 alle donne, con Dorothea Wierer in terza frazione e Lisa in ultima.<\/p>\n<p>\u201cFinalmente cominciamo con la staffetta mista, anche se rispetto al passato \u00e8 cambiato l\u2019ordine di partenza, con gli uomini nelle prime due frazioni e le donne a chiudere &#8211; dice Lisa -. Siamo una squadra competitiva, sono felice di essere schierata un ultima frazione, \u00e8 la mia prima volta dopo tanti anni che sono stata schierata al lancio e non vedo l\u2019ora di divertirmi. Arrivo a queste gare con la convinzione di avere lavorato bene e di essermi ritrovata al massimo livello anche come sensazioni al poligono, ci metter\u00f2 tutta me stessa e vediamo come andranno le cose\u201d.<\/p>\n","protected":false},"excerpt":{"rendered":"<p>Al lancio ci sar\u00e0 la novit\u00e0 Didier Bionaz, poi Lukas Hofer. Quindi toccher\u00e0 alle donne, con Dorothea Wierer in terza frazione e la sappadina in ultima<\/p>\n","protected":false},"author":4,"featured_media":73455,"comment_status":"closed","ping_status":"closed","sticky":false,"template":"","format":"standard","meta":{"_acf_changed":false,"footnotes":""},"categories":[13,10],"tags":[],"acf":[],"_links":{"self":[{"href":"https:\/\/comitati.fisi.org\/friuli-venezia-giulia\/wp-json\/wp\/v2\/posts\/75381"}],"collection":[{"href":"https:\/\/comitati.fisi.org\/friuli-venezia-giulia\/wp-json\/wp\/v2\/posts"}],"about":[{"href":"https:\/\/comitati.fisi.org\/friuli-venezia-giulia\/wp-json\/wp\/v2\/types\/post"}],"author":[{"embeddable":true,"href":"https:\/\/comitati.fisi.org\/friuli-venezia-giulia\/wp-json\/wp\/v2\/users\/4"}],"replies":[{"embeddable":true,"href":"https:\/\/comitati.fisi.org\/friuli-venezia-giulia\/wp-json\/wp\/v2\/comments?post=75381"}],"version-history":[{"count":0,"href":"https:\/\/comitati.fisi.org\/friuli-venezia-giulia\/wp-json\/wp\/v2\/posts\/75381\/revisions"}],"wp:featuredmedia":[{"embeddable":true,"href":"https:\/\/comitati.fisi.org\/friuli-venezia-giulia\/wp-json\/wp\/v2\/media\/73455"}],"wp:attachment":[{"href":"https:\/\/comitati.fisi.org\/friuli-venezia-giulia\/wp-json\/wp\/v2\/media?parent=75381"}],"wp:term":[{"taxonomy":"category","embeddable":true,"href":"https:\/\/comitati.fisi.org\/friuli-venezia-giulia\/wp-json\/wp\/v2\/categories?post=75381"},{"taxonomy":"post_tag","embeddable":true,"href":"https:\/\/comitati.fisi.org\/friuli-venezia-giulia\/wp-json\/wp\/v2\/tags?post=75381"}],"curies":[{"name":"wp","href":"https:\/\/api.w.org\/{rel}","templated":true}]}}