{"id":75374,"date":"2021-02-09T13:54:03","date_gmt":"2021-02-09T12:54:03","guid":{"rendered":"https:\/\/www.fisifvg.org\/?p=75374"},"modified":"2021-02-09T13:54:03","modified_gmt":"2021-02-09T12:54:03","slug":"mondiali-snowboardcross-michele-godino-supera-la-qualificazione","status":"publish","type":"post","link":"https:\/\/comitati.fisi.org\/friuli-venezia-giulia\/blog\/2021\/02\/09\/mondiali-snowboardcross-michele-godino-supera-la-qualificazione\/","title":{"rendered":"Mondiali snowboardcross, Michele Godino supera la qualificazione"},"content":{"rendered":"<p>Michele Godino ha superato la qualificazioni dei Campionati Mondiali di snowboardcross a Idre Fjall (Svezia).<\/p>\n<p>Il goriziano <em><strong>(nella foto)<\/strong><\/em> non aveva concluso la prima run ed \u00e8 stato bravo a dare tutto nella seconda, che assegnava ulteriori 16 posti per la finale (riservata ai migliori 32), conquistando il 29\u00b0 posto assoluto, unico qualificato fra coloro che erano usciti nella run precedente.<\/p>\n<p>Accedono agli ottavi anche Omar Visintin e Lorenzo Sommariva.<\/p>\n<p>La finale \u00e8 in programma gioved\u00ec 11 alle 11.35. Negli ottavi Godino affronter\u00e0 il canadese Grondin, l&#8217;austriaco Pachner e il tedesco Berg, con due posti in palio per i quarti.<\/p>\n<p><a href=\"http:\/\/comitati.fisi.org\/friuli-venezia-giulia\/wp-content\/uploads\/sites\/34\/2021\/02\/2021SB6036RLQ.pdf\">CLASSIFICA<\/a><\/p>\n","protected":false},"excerpt":{"rendered":"<p>Il goriziano non aveva concluso la prima run ed \u00e8 stato bravo a dare tutto nella seconda<\/p>\n","protected":false},"author":4,"featured_media":74497,"comment_status":"closed","ping_status":"closed","sticky":false,"template":"","format":"standard","meta":{"_acf_changed":false,"footnotes":""},"categories":[10,18],"tags":[],"acf":[],"_links":{"self":[{"href":"https:\/\/comitati.fisi.org\/friuli-venezia-giulia\/wp-json\/wp\/v2\/posts\/75374"}],"collection":[{"href":"https:\/\/comitati.fisi.org\/friuli-venezia-giulia\/wp-json\/wp\/v2\/posts"}],"about":[{"href":"https:\/\/comitati.fisi.org\/friuli-venezia-giulia\/wp-json\/wp\/v2\/types\/post"}],"author":[{"embeddable":true,"href":"https:\/\/comitati.fisi.org\/friuli-venezia-giulia\/wp-json\/wp\/v2\/users\/4"}],"replies":[{"embeddable":true,"href":"https:\/\/comitati.fisi.org\/friuli-venezia-giulia\/wp-json\/wp\/v2\/comments?post=75374"}],"version-history":[{"count":0,"href":"https:\/\/comitati.fisi.org\/friuli-venezia-giulia\/wp-json\/wp\/v2\/posts\/75374\/revisions"}],"wp:featuredmedia":[{"embeddable":true,"href":"https:\/\/comitati.fisi.org\/friuli-venezia-giulia\/wp-json\/wp\/v2\/media\/74497"}],"wp:attachment":[{"href":"https:\/\/comitati.fisi.org\/friuli-venezia-giulia\/wp-json\/wp\/v2\/media?parent=75374"}],"wp:term":[{"taxonomy":"category","embeddable":true,"href":"https:\/\/comitati.fisi.org\/friuli-venezia-giulia\/wp-json\/wp\/v2\/categories?post=75374"},{"taxonomy":"post_tag","embeddable":true,"href":"https:\/\/comitati.fisi.org\/friuli-venezia-giulia\/wp-json\/wp\/v2\/tags?post=75374"}],"curies":[{"name":"wp","href":"https:\/\/api.w.org\/{rel}","templated":true}]}}