{"id":75372,"date":"2021-02-09T13:13:17","date_gmt":"2021-02-09T12:13:17","guid":{"rendered":"https:\/\/www.fisifvg.org\/?p=75372"},"modified":"2021-02-09T13:13:17","modified_gmt":"2021-02-09T12:13:17","slug":"ai-mondiali-juniores-greta-pinzani-e-martina-zanitzer-ci-sono-gli-sci-no","status":"publish","type":"post","link":"https:\/\/comitati.fisi.org\/friuli-venezia-giulia\/blog\/2021\/02\/09\/ai-mondiali-juniores-greta-pinzani-e-martina-zanitzer-ci-sono-gli-sci-no\/","title":{"rendered":"Mondiali Juniores, sono finalmente arrivati gli sci di Greta Pinzani e Martina Zanitzer"},"content":{"rendered":"<p>Greta Pinzani non ha preso parte al Provisional competition round di combinata nordica dei Mondiali Juniores di Lahti.<\/p>\n<p>Sfortunatissima la lussarina della squadra FISI FVG, perch\u00e8 lei \u00e8 arrivata in Finlandia, ma gli sci ci ha messo pi\u00f9 tempo.<\/p>\n<p>Il materiale \u00e8 arrivato solo nel pomeriggio, ma se per qualche motivo il salto di gara di domani non si potesse svolgere (ad esempio per il troppo vento), verrebbe preso in considerazione il Provisional Round e quindi Greta non potrebbe partecipare alla competizione.<\/p>\n<p>Perlomeno rispetto alla prima ipotesi, ovvero l&#8217;arrivo degli sci questa sera, c&#8217;\u00e8 una buona notizia, perch\u00e8 Greta parteciper\u00e0 agli allenamenti in vista della gara iridata di salto, dove trover\u00e0 anche Martina Zanitzer, che rispetto alla compagna di squadra sar\u00e0 quindi da subito alla pari con le avversarie.<\/p>\n<p><span style=\"font-size: 1rem\">Oggi anche i primi salti al maschile, presenti Francesco Cecon e Andrea Campregher.<\/span><\/p>\n<p>&nbsp;<\/p>\n","protected":false},"excerpt":{"rendered":"<p>Materiale in ritardo, Grera ha dovuto rinunciate al provi Martina non hanno potuto saltare oggi<\/p>\n","protected":false},"author":4,"featured_media":73828,"comment_status":"closed","ping_status":"closed","sticky":false,"template":"","format":"standard","meta":{"_acf_changed":false,"footnotes":""},"categories":[14,10,12],"tags":[],"acf":[],"_links":{"self":[{"href":"https:\/\/comitati.fisi.org\/friuli-venezia-giulia\/wp-json\/wp\/v2\/posts\/75372"}],"collection":[{"href":"https:\/\/comitati.fisi.org\/friuli-venezia-giulia\/wp-json\/wp\/v2\/posts"}],"about":[{"href":"https:\/\/comitati.fisi.org\/friuli-venezia-giulia\/wp-json\/wp\/v2\/types\/post"}],"author":[{"embeddable":true,"href":"https:\/\/comitati.fisi.org\/friuli-venezia-giulia\/wp-json\/wp\/v2\/users\/4"}],"replies":[{"embeddable":true,"href":"https:\/\/comitati.fisi.org\/friuli-venezia-giulia\/wp-json\/wp\/v2\/comments?post=75372"}],"version-history":[{"count":0,"href":"https:\/\/comitati.fisi.org\/friuli-venezia-giulia\/wp-json\/wp\/v2\/posts\/75372\/revisions"}],"wp:featuredmedia":[{"embeddable":true,"href":"https:\/\/comitati.fisi.org\/friuli-venezia-giulia\/wp-json\/wp\/v2\/media\/73828"}],"wp:attachment":[{"href":"https:\/\/comitati.fisi.org\/friuli-venezia-giulia\/wp-json\/wp\/v2\/media?parent=75372"}],"wp:term":[{"taxonomy":"category","embeddable":true,"href":"https:\/\/comitati.fisi.org\/friuli-venezia-giulia\/wp-json\/wp\/v2\/categories?post=75372"},{"taxonomy":"post_tag","embeddable":true,"href":"https:\/\/comitati.fisi.org\/friuli-venezia-giulia\/wp-json\/wp\/v2\/tags?post=75372"}],"curies":[{"name":"wp","href":"https:\/\/api.w.org\/{rel}","templated":true}]}}