{"id":75334,"date":"2021-02-08T12:05:54","date_gmt":"2021-02-08T11:05:54","guid":{"rendered":"https:\/\/www.fisifvg.org\/?p=75334"},"modified":"2021-02-08T12:05:54","modified_gmt":"2021-02-08T11:05:54","slug":"buzzi-in-gara-nel-superg-dei-mondiali-di-cortina-ce-anche-casse","status":"publish","type":"post","link":"https:\/\/comitati.fisi.org\/friuli-venezia-giulia\/blog\/2021\/02\/08\/buzzi-in-gara-nel-superg-dei-mondiali-di-cortina-ce-anche-casse\/","title":{"rendered":"Buzzi in gara nel superG dei Mondiali di Cortina, c&#8217;\u00e8 anche Casse"},"content":{"rendered":"<p>Emanuele Buzzi sar\u00e0 al via del superG dei Mondiali di sci alpino di Cortina, in programma gioved\u00ec 11 alle 11.30\u00a0(posticipato di due giorni a causa dell&#8217;abbondante nevicate delle ultime ore).<\/p>\n<p>Per il 26enne scuola Sci Club Sappada <em><strong>(nella foto di copertina)<\/strong> <\/em>si tratter\u00e0 quindi della seconda presenza in una prova iridata dopo quella del 2017.<\/p>\n<p>Oltre a Buzzi, ci sar\u00e0 anche un altro sciatore che ha rappresentato il Comitato FISI FVG, ovvero il piemontese Mattia Casse, ex studente-atleta allo ski college Bachmann di Tarvisio.<\/p>\n<div id=\"attachment_55770\" style=\"width: 510px\" class=\"wp-caption alignright\"><a href=\"http:\/\/comitati.fisi.org\/friuli-venezia-giulia\/wp-content\/uploads\/sites\/34\/2019\/02\/Mattia-Casse.jpg\"><img loading=\"lazy\" decoding=\"async\" aria-describedby=\"caption-attachment-55770\" class=\"wp-image-55770\" src=\"http:\/\/comitati.fisi.org\/friuli-venezia-giulia\/wp-content\/uploads\/sites\/34\/2019\/02\/Mattia-Casse-400x400.jpg\" alt=\"\" width=\"500\" height=\"256\" \/><\/a><p id=\"caption-attachment-55770\" class=\"wp-caption-text\">Mattia Casse<\/p><\/div>\n<p>Una chiamata che arriva nonostante in questa stagione non abbia mai gareggiato in Coppa del Mondo causa infortunio, ma evidentemente lo staff tecnico ripone grande fiducia in lui. Con Lele e Mattia ci saranno il campione uscente Dominik Paris, Christof Innerhofer e Matteo Marsaglia.<\/p>\n<p>Marted\u00ec si svolge invece regolarmente il superG femminile, con partenza alle 13 L&#8217;Italia schiera Marta Bassino, Federica Brignone, Elena Curtoni e Francesca Marsaglia, lo stesso quartetto che avrebbe dovuto gareggiare oggi nella combinata, rinviata a causa delle abbondanti nevicate delle scorse ore.<\/p>\n","protected":false},"excerpt":{"rendered":"<p>Per il 26enne scuola Sci Club Sappada si tratter\u00e0 della seconda presenza in una prova iridata dopo quella del 2017<\/p>\n","protected":false},"author":4,"featured_media":72650,"comment_status":"closed","ping_status":"closed","sticky":false,"template":"","format":"standard","meta":{"_acf_changed":false,"footnotes":""},"categories":[10,15],"tags":[],"acf":[],"_links":{"self":[{"href":"https:\/\/comitati.fisi.org\/friuli-venezia-giulia\/wp-json\/wp\/v2\/posts\/75334"}],"collection":[{"href":"https:\/\/comitati.fisi.org\/friuli-venezia-giulia\/wp-json\/wp\/v2\/posts"}],"about":[{"href":"https:\/\/comitati.fisi.org\/friuli-venezia-giulia\/wp-json\/wp\/v2\/types\/post"}],"author":[{"embeddable":true,"href":"https:\/\/comitati.fisi.org\/friuli-venezia-giulia\/wp-json\/wp\/v2\/users\/4"}],"replies":[{"embeddable":true,"href":"https:\/\/comitati.fisi.org\/friuli-venezia-giulia\/wp-json\/wp\/v2\/comments?post=75334"}],"version-history":[{"count":0,"href":"https:\/\/comitati.fisi.org\/friuli-venezia-giulia\/wp-json\/wp\/v2\/posts\/75334\/revisions"}],"wp:featuredmedia":[{"embeddable":true,"href":"https:\/\/comitati.fisi.org\/friuli-venezia-giulia\/wp-json\/wp\/v2\/media\/72650"}],"wp:attachment":[{"href":"https:\/\/comitati.fisi.org\/friuli-venezia-giulia\/wp-json\/wp\/v2\/media?parent=75334"}],"wp:term":[{"taxonomy":"category","embeddable":true,"href":"https:\/\/comitati.fisi.org\/friuli-venezia-giulia\/wp-json\/wp\/v2\/categories?post=75334"},{"taxonomy":"post_tag","embeddable":true,"href":"https:\/\/comitati.fisi.org\/friuli-venezia-giulia\/wp-json\/wp\/v2\/tags?post=75334"}],"curies":[{"name":"wp","href":"https:\/\/api.w.org\/{rel}","templated":true}]}}