{"id":75310,"date":"2021-02-07T19:34:45","date_gmt":"2021-02-07T18:34:45","guid":{"rendered":"https:\/\/www.fisifvg.org\/?p=75310"},"modified":"2021-02-07T19:34:45","modified_gmt":"2021-02-07T18:34:45","slug":"buone-prove-di-cecon-nelle-fis-cup-di-salto-in-finlandia","status":"publish","type":"post","link":"https:\/\/comitati.fisi.org\/friuli-venezia-giulia\/blog\/2021\/02\/07\/buone-prove-di-cecon-nelle-fis-cup-di-salto-in-finlandia\/","title":{"rendered":"Buone prove di Cecon nelle FIS Cup di salto in Finlandia"},"content":{"rendered":"<p>Buona prova di Francesco Cecon nella FIS Cup di salto di Lahti, in Finlandia.<\/p>\n<p>Sul trampolino HS100 il 19enne azzurro della squadra FISI FVG e del Bachmanna Sport College <em><strong>(nella foto)<\/strong><\/em> \u00e8 giunto 22\u00b0 con due salti da 89 e 92 metri, mentre il vincitore, lo svizzero Peter, \u00e8 atterrato a 93.5 e 97.5 metri.<\/p>\n<p>Il giorno precedente Cecon si era piazzato 27\u00b0.<\/p>\n<p>Si trattava di fatto di una premondiale, visto che sullo stesso trampolino si svolger\u00e0 la prova iridata Juniores, con le prove individuali mercoled\u00ec 10 (donne) e gioved\u00ec 11 (uomini), quelle a a squadre venerd\u00ec 12. Oltre a Cecon, il nostro Comitato sar\u00e0 rappresentato nel salto da Andrea Campregher (57\u00b0 e 60\u00b0 nelle due gare di questo week-end) e Martina Zanitzer.<\/p>\n<p><a href=\"https:\/\/www.fis-ski.com\/DB\/general\/event-details.html?sectorcode=JP&amp;eventid=48318&amp;seasoncode=2021\">CLASSIFICHE<\/a><\/p>\n","protected":false},"excerpt":{"rendered":"<p>Sul trampolino dove la prossima settimana si disputeranno i Mondiali <\/p>\n","protected":false},"author":4,"featured_media":74140,"comment_status":"closed","ping_status":"closed","sticky":false,"template":"","format":"standard","meta":{"_acf_changed":false,"footnotes":""},"categories":[12],"tags":[],"acf":[],"_links":{"self":[{"href":"https:\/\/comitati.fisi.org\/friuli-venezia-giulia\/wp-json\/wp\/v2\/posts\/75310"}],"collection":[{"href":"https:\/\/comitati.fisi.org\/friuli-venezia-giulia\/wp-json\/wp\/v2\/posts"}],"about":[{"href":"https:\/\/comitati.fisi.org\/friuli-venezia-giulia\/wp-json\/wp\/v2\/types\/post"}],"author":[{"embeddable":true,"href":"https:\/\/comitati.fisi.org\/friuli-venezia-giulia\/wp-json\/wp\/v2\/users\/4"}],"replies":[{"embeddable":true,"href":"https:\/\/comitati.fisi.org\/friuli-venezia-giulia\/wp-json\/wp\/v2\/comments?post=75310"}],"version-history":[{"count":0,"href":"https:\/\/comitati.fisi.org\/friuli-venezia-giulia\/wp-json\/wp\/v2\/posts\/75310\/revisions"}],"wp:featuredmedia":[{"embeddable":true,"href":"https:\/\/comitati.fisi.org\/friuli-venezia-giulia\/wp-json\/wp\/v2\/media\/74140"}],"wp:attachment":[{"href":"https:\/\/comitati.fisi.org\/friuli-venezia-giulia\/wp-json\/wp\/v2\/media?parent=75310"}],"wp:term":[{"taxonomy":"category","embeddable":true,"href":"https:\/\/comitati.fisi.org\/friuli-venezia-giulia\/wp-json\/wp\/v2\/categories?post=75310"},{"taxonomy":"post_tag","embeddable":true,"href":"https:\/\/comitati.fisi.org\/friuli-venezia-giulia\/wp-json\/wp\/v2\/tags?post=75310"}],"curies":[{"name":"wp","href":"https:\/\/api.w.org\/{rel}","templated":true}]}}