{"id":75222,"date":"2021-02-06T17:44:58","date_gmt":"2021-02-06T16:44:58","guid":{"rendered":"https:\/\/www.fisifvg.org\/?p=75222"},"modified":"2021-02-06T17:44:58","modified_gmt":"2021-02-06T16:44:58","slug":"emanuele-buzzi-convocato-per-i-mondiali-di-cortina","status":"publish","type":"post","link":"https:\/\/comitati.fisi.org\/friuli-venezia-giulia\/blog\/2021\/02\/06\/emanuele-buzzi-convocato-per-i-mondiali-di-cortina\/","title":{"rendered":"Emanuele Buzzi convocato per i Mondiali di Cortina"},"content":{"rendered":"<p>Con delibera del Presidente Flavio Roda n\u00b0 213 del 6 febbraio 2021 sono ufficialmente convocati per i Campionati del mondo di Sci Alpino di Cortina d\u2019Ampezzo i seguenti atleti:<\/p>\n<p>1. Giovanni Borsotti \u2013 Carabinieri (18-12-1990)<br \/>\nHa all\u2019attivo due partecipazioni ai Campionati del mondo: nel 2011 fu 28\/o in gigante a garmisch e nel 2015 fu 24\/o a Vail, sempre in gigante.<\/p>\n<p><strong>2. Emanuele Buzzi \u2013 Carabinieri (27-10-1994, Sappada)<\/strong><br \/>\n<strong>Ha partecipato all\u2019edizione 2017 del Mondiale di St. Moritz dove fu 23\/o in superG.<\/strong><\/p>\n<p>3. Mattia Casse \u2013 Fiamme Oro (19-02-1990, Bergamo)<br \/>\nDue partecipazioni ai Mondiali: nel 2017, a St. Moritz, fu 19\/o in superG, 22\/o in discesa e non termin\u00f2 la combinata alpina; nel 2019, ad Are, fu 8\/o in superG, 17\/o in discesa e 27\/o in combinata alpina.<\/p>\n<p>4. Luca De Aliprandini \u2013 Fiamme Gialle (01-09-1990, Ville d\u2019Anaunia)<br \/>\nHa preso parte al Mondiale di Are classificandosi 20\/o nel gigante.<\/p>\n<p>5. Filippo Della Vite \u2013 Fiamme Oro (04-10-2001, Ponteranica)<br \/>\nDebuttante<\/p>\n<p>6. Giovanni Franzoni \u2013 Fiamme Gialle (30-03-2001, Manerba del Garda)<br \/>\nDebuttante<\/p>\n<p>7. Stefano Gross \u2013 Fiamme Gialle (04-09-1986, Pozza di Fassa)<br \/>\nSono cinque le edizioni iridate a cui a partecipato: la prima nel 2011 quando fu 22\/o in slalom; nel 2013, a Schladming, fu 11\/o in slalom; nel 2015, a Vail, non termin\u00f2 lo slalom; nel 2017, a St. Moritz, fu 9\/o in slalom; nel 2019, ad Are, fu 10\/o in slalom.<\/p>\n<p>8. Christof Innerhofer \u2013 Fiamme Gialle (17-12-1984, Gais)<br \/>\nSei edizioni dei Mondiali sono gi\u00e0 nel suo palmar\u00e8s. Nel 2007, ad Are, fu 38\/o in discesa e non termin\u00f2 la supercombinata. Nel 2009 a Val d\u2019Is\u00e8re fu 4\/o in superG, 10\/o in discesa e 15\/o in supercombinata. Nel 2011 vinse 3 medaglie a Garmisch: oro in superG, argento in supercombinata e bronzo in discesa. nel 2013, a Schladming, fu 7\/o in superG, 14\/o in discesa e non termin\u00f2 la supercombinata. nel 2015, a Vail, fu 18\/o in superG, 24\/o in discesa e 18\/o nella combinata alpina. Nel 2019, ad Are, fu 4\/o in superG, 11\/o in discesa e non termin\u00f2 la combinata alpina.<\/p>\n<p>9. Matteo Marsaglia \u2013 Esercito (05-10-1985, Cesana Torinese)<br \/>\nQuattro partecipazioni all\u2019attivo. Nel 2001, a Garmisch, fu 15\/o in superG; nel 2013, a Schladming, fu 11\/o in superG e 28\/o in supercombinata; a Vail, nel 2015, fu 14\/o in superG, 28\/o in discesa e 32\/o in combinata alpina; ad Are, nel 2019, fu 43\/o in superG e 13\/o in discesa.<\/p>\n<p>10. Manfred Moelgg \u2013 Fiamme Gialle (03-06-1982, Marebbe)<br \/>\nDal 2005 ha partecipato a tutte le otto edizioni iridate. A Bormio, al debutto, fu 13\/o in gigante e non termin\u00f2 lo slalom; Ad Are 2007 vinse la medaglia d\u2019argento in slalom e fu 19\/o in gigante; nel 2009, in Val d\u2019Is\u00e8re, fu 12\/o in gigante e non termin\u00f2 lo slalom; nel 2011, a Garmisch, vinse il bronzo nello slalom e fu 17\/o in gigante; a Schladming, nel 2013, fu medaglia di bronzo in gigante e non termin\u00f2 lo slalom; nel 2015, a Vail, fu 11\/o in slalom; a St. Moritz, nel 2017, fu 20\/o nel gigante e 14\/o nello slalom; ad Are, nel 2019, fu 18\/o nello slalom e non termin\u00f2 il gigante.<\/p>\n<p>11. Dominik Paris \u2013 Carabinieri (14-04-1989, Val d\u2019Ultimo)<br \/>\nVanta cinque partecipazioni ai Mondiali: nel 2011, a Garmisch, fu 20\/o in discesa e non termin\u00f2 la supercombinata; a Schladming 2013 vinse la medaglia d\u2019argento in discesa e fu 9\/o in supercombinata; a Vail 2015 fu 14\/o in superG, 23\/o in discesa e 10\/o in combinata alpina; a St. Moritz 2017 fu 9\/o in superG, 13\/o in discesa e 4\/o in combinata alpina; ad Are 2019 vinse il titolo del superG (campione in carica), fu 6\/o in discesa e 9\/o in combinata alpina.<\/p>\n<p>12. Giuliano Razzoli \u2013 Esercito (18-12-1984, Villa Minozzo)<br \/>\nSei edizioni dei Mondiali gi\u00e0 nel palmar\u00e8s: Val d\u2019is\u00e8re 2009 non termin\u00f2 lo slalom, Garmisch 2011 non termin\u00f2 lo slalom, Schladming 2013 non termin\u00f2 lo slalom, vail 2015 non termin\u00f2 lo slalom, St. Moritz 2017 fu 22\/o in slalom e 5\/o nel parallelo a squadre, Are 2019 fu 22\/o in slalom.<\/p>\n<p>13. Florian Schieder \u2013 Carabinieri (26-12-1995, Castelrotto)<br \/>\nDebuttante<\/p>\n<p>14. Riccardo Tonetti \u2013 Fiamme Gialle (14-05-1989, Bolzano)<br \/>\nHa preso parte al Mondiale di St. Moritz 2017 quando fu 5\/o nel parallelo a squadre, 10\/o in gigante e 23\/o nella combinata alpina. Ad Are 2019 fu 4\/o in combinata alpina e non termin\u00f2 il gigante.<\/p>\n<p>15. Alex Vinatzer \u2013 Fiamme Gialle (22-09-1999, Selva di Val Gardena)<br \/>\nNel Mondiale di Are del 2019 vinse la medaglia di bronzo nel parallelo a squadre e fu 19\/o nello slalom.<\/p>\n","protected":false},"excerpt":{"rendered":"<p>Seconda partecipazione iridata per il carabiniere di Sappada<\/p>\n","protected":false},"author":4,"featured_media":74501,"comment_status":"closed","ping_status":"closed","sticky":false,"template":"","format":"standard","meta":{"_acf_changed":false,"footnotes":""},"categories":[15],"tags":[],"acf":[],"_links":{"self":[{"href":"https:\/\/comitati.fisi.org\/friuli-venezia-giulia\/wp-json\/wp\/v2\/posts\/75222"}],"collection":[{"href":"https:\/\/comitati.fisi.org\/friuli-venezia-giulia\/wp-json\/wp\/v2\/posts"}],"about":[{"href":"https:\/\/comitati.fisi.org\/friuli-venezia-giulia\/wp-json\/wp\/v2\/types\/post"}],"author":[{"embeddable":true,"href":"https:\/\/comitati.fisi.org\/friuli-venezia-giulia\/wp-json\/wp\/v2\/users\/4"}],"replies":[{"embeddable":true,"href":"https:\/\/comitati.fisi.org\/friuli-venezia-giulia\/wp-json\/wp\/v2\/comments?post=75222"}],"version-history":[{"count":0,"href":"https:\/\/comitati.fisi.org\/friuli-venezia-giulia\/wp-json\/wp\/v2\/posts\/75222\/revisions"}],"wp:featuredmedia":[{"embeddable":true,"href":"https:\/\/comitati.fisi.org\/friuli-venezia-giulia\/wp-json\/wp\/v2\/media\/74501"}],"wp:attachment":[{"href":"https:\/\/comitati.fisi.org\/friuli-venezia-giulia\/wp-json\/wp\/v2\/media?parent=75222"}],"wp:term":[{"taxonomy":"category","embeddable":true,"href":"https:\/\/comitati.fisi.org\/friuli-venezia-giulia\/wp-json\/wp\/v2\/categories?post=75222"},{"taxonomy":"post_tag","embeddable":true,"href":"https:\/\/comitati.fisi.org\/friuli-venezia-giulia\/wp-json\/wp\/v2\/tags?post=75222"}],"curies":[{"name":"wp","href":"https:\/\/api.w.org\/{rel}","templated":true}]}}