{"id":75030,"date":"2021-02-04T10:36:27","date_gmt":"2021-02-04T09:36:27","guid":{"rendered":"https:\/\/www.fisifvg.org\/?p=75030"},"modified":"2021-02-04T10:36:27","modified_gmt":"2021-02-04T09:36:27","slug":"emanuele-buzzi-scatenato-a-garmisch-e-sesto-nella-prova-della-discesa","status":"publish","type":"post","link":"https:\/\/comitati.fisi.org\/friuli-venezia-giulia\/blog\/2021\/02\/04\/emanuele-buzzi-scatenato-a-garmisch-e-sesto-nella-prova-della-discesa\/","title":{"rendered":"Emanuele Buzzi scatenato a Garmisch, \u00e8 sesto nella prova della discesa"},"content":{"rendered":"<p>Dopo la cancellazione della prima prova di ieri e la salatura della Kandahar di questa mattina \u00e8 andata in scena l&#8217;unica prova cronometrata della discesa di Garmisch. In evidenza si \u00e8 messo l&#8217;austrico Max Franz, che ha stacato il miglior tempo in 1&#8217;34&#8243;98, davanti al tedesco Josef Ferstl staccato di 29 centesimi. Poi per\u00f2 arriva l&#8217;Italia e arriva con i suoi grossi calibri. Dominik Paris fa il terzo tempo con 63 centesimi di distacco da Franz pur avendo rallentato nella parte finale del tracciato. Al quarto posto c&#8217;\u00e8 Christof Innerhofer, tornato ad un ottimo livello di forma dopo le gare di Kitzbuehel, e oggi quarto a 81 da Franz.<br \/>\n<strong>Il sesto tempo \u00e8 un buon segnale mandato da Emanuele Buzzi, che lascia sul terreno 1&#8243;33 in pi\u00f9 rispetto a Franz, ma torna a sentire aria di alta classifica.<\/strong><br \/>\nNon troppo staccato neanche Matteo Marsaglia che perde +1&#8243;93 dall&#8217;austriaco che vale il 15\/o posto.<br \/>\nFlorian Schieder chiude al 40\/o posto con 2&#8243;86 di ritardo dal migliore, mentre Riccardo Tonetti \u00e8 45\/o.<br \/>\nPietro Zazzi chiude con il 60\/o tempo, davanti a Nicol\u00f2 Molteni 65\/o e a Guglielmo Bosca 66\/o.<\/p>\n<p>Per preservare al meglio la pista gli organizzatori hanno deciso di invertire il programma di gare, quindi per venerd\u00ec \u00e8 in programma la discesa con partenza alle 11.30 e diretta su Rai Sport ed Eurosport. Sabato andr\u00e0 invece in scena il superG.<\/p>\n<p><a href=\"https:\/\/www.fis-ski.com\/DB\/general\/results.html?sectorcode=AL&amp;raceid=104330\">CLASSIFICA<\/a><\/p>\n","protected":false},"excerpt":{"rendered":"<p>Per preservare al meglio la pista gli organizzatori hanno deciso di invertire il programma di gare, quindi per venerd\u00ec \u00e8 in programma la discesa, sabato il superG<\/p>\n","protected":false},"author":4,"featured_media":66767,"comment_status":"closed","ping_status":"closed","sticky":false,"template":"","format":"standard","meta":{"_acf_changed":false,"footnotes":""},"categories":[15],"tags":[],"acf":[],"_links":{"self":[{"href":"https:\/\/comitati.fisi.org\/friuli-venezia-giulia\/wp-json\/wp\/v2\/posts\/75030"}],"collection":[{"href":"https:\/\/comitati.fisi.org\/friuli-venezia-giulia\/wp-json\/wp\/v2\/posts"}],"about":[{"href":"https:\/\/comitati.fisi.org\/friuli-venezia-giulia\/wp-json\/wp\/v2\/types\/post"}],"author":[{"embeddable":true,"href":"https:\/\/comitati.fisi.org\/friuli-venezia-giulia\/wp-json\/wp\/v2\/users\/4"}],"replies":[{"embeddable":true,"href":"https:\/\/comitati.fisi.org\/friuli-venezia-giulia\/wp-json\/wp\/v2\/comments?post=75030"}],"version-history":[{"count":0,"href":"https:\/\/comitati.fisi.org\/friuli-venezia-giulia\/wp-json\/wp\/v2\/posts\/75030\/revisions"}],"wp:featuredmedia":[{"embeddable":true,"href":"https:\/\/comitati.fisi.org\/friuli-venezia-giulia\/wp-json\/wp\/v2\/media\/66767"}],"wp:attachment":[{"href":"https:\/\/comitati.fisi.org\/friuli-venezia-giulia\/wp-json\/wp\/v2\/media?parent=75030"}],"wp:term":[{"taxonomy":"category","embeddable":true,"href":"https:\/\/comitati.fisi.org\/friuli-venezia-giulia\/wp-json\/wp\/v2\/categories?post=75030"},{"taxonomy":"post_tag","embeddable":true,"href":"https:\/\/comitati.fisi.org\/friuli-venezia-giulia\/wp-json\/wp\/v2\/tags?post=75030"}],"curies":[{"name":"wp","href":"https:\/\/api.w.org\/{rel}","templated":true}]}}