{"id":75018,"date":"2021-02-03T13:53:14","date_gmt":"2021-02-03T12:53:14","guid":{"rendered":"https:\/\/www.fisifvg.org\/?p=75018"},"modified":"2021-02-03T13:53:14","modified_gmt":"2021-02-03T12:53:14","slug":"arriva-lesordio-ai-mondiali-juniores-di-combinata-per-greta-pinzani","status":"publish","type":"post","link":"https:\/\/comitati.fisi.org\/friuli-venezia-giulia\/blog\/2021\/02\/03\/arriva-lesordio-ai-mondiali-juniores-di-combinata-per-greta-pinzani\/","title":{"rendered":"Arriva l&#8217;esordio ai Mondiali Juniores di combinata per Greta Pinzani"},"content":{"rendered":"<p>Con delibera n\u00b0206 il Presidente della FISI Flavio Roda ha ufficializzato le squadre di combinata nordica che prenderanno parte ai Mondiali junior di Vuokatti, in Finlandia, previsti dal 9 al 12 febbraio.<\/p>\n<p>Si tratta in campo femminile di Daniela Dejori, Annika Sieff, Lena Prinoth e <strong>Greta Pinzani<em> (nella foto),<\/em><\/strong> mentre Iacopo Bortolas, Domenico Mariotti e Stefano Radovan saranno presenti nelle gare maschili.<\/p>\n<p>Il programma prevede la dispiuta del Provisional Competition Round nella giornata di marted\u00ec 9 febbraio, l&#8217;assegnazione delle medaglie nella gara femminile dal trampolino HS100 seguita dai 5 km \u00e8 prevista nella giornata di mercoled\u00ec 10, mentre gioved\u00ec 11 toccher\u00e0 agli uomini con una Gundersen sui 10 km, finale venerd\u00ec 12 febbraio con la prova a squadre mista.<\/p>\n","protected":false},"excerpt":{"rendered":"<p>Appuntantamento a Vuokatti, in Finlandia, dal 9 al 12 febbraio<\/p>\n","protected":false},"author":4,"featured_media":62195,"comment_status":"closed","ping_status":"closed","sticky":false,"template":"","format":"standard","meta":{"_acf_changed":false,"footnotes":""},"categories":[14,10],"tags":[],"acf":[],"_links":{"self":[{"href":"https:\/\/comitati.fisi.org\/friuli-venezia-giulia\/wp-json\/wp\/v2\/posts\/75018"}],"collection":[{"href":"https:\/\/comitati.fisi.org\/friuli-venezia-giulia\/wp-json\/wp\/v2\/posts"}],"about":[{"href":"https:\/\/comitati.fisi.org\/friuli-venezia-giulia\/wp-json\/wp\/v2\/types\/post"}],"author":[{"embeddable":true,"href":"https:\/\/comitati.fisi.org\/friuli-venezia-giulia\/wp-json\/wp\/v2\/users\/4"}],"replies":[{"embeddable":true,"href":"https:\/\/comitati.fisi.org\/friuli-venezia-giulia\/wp-json\/wp\/v2\/comments?post=75018"}],"version-history":[{"count":0,"href":"https:\/\/comitati.fisi.org\/friuli-venezia-giulia\/wp-json\/wp\/v2\/posts\/75018\/revisions"}],"wp:featuredmedia":[{"embeddable":true,"href":"https:\/\/comitati.fisi.org\/friuli-venezia-giulia\/wp-json\/wp\/v2\/media\/62195"}],"wp:attachment":[{"href":"https:\/\/comitati.fisi.org\/friuli-venezia-giulia\/wp-json\/wp\/v2\/media?parent=75018"}],"wp:term":[{"taxonomy":"category","embeddable":true,"href":"https:\/\/comitati.fisi.org\/friuli-venezia-giulia\/wp-json\/wp\/v2\/categories?post=75018"},{"taxonomy":"post_tag","embeddable":true,"href":"https:\/\/comitati.fisi.org\/friuli-venezia-giulia\/wp-json\/wp\/v2\/tags?post=75018"}],"curies":[{"name":"wp","href":"https:\/\/api.w.org\/{rel}","templated":true}]}}