{"id":75015,"date":"2021-02-03T13:38:24","date_gmt":"2021-02-03T12:38:24","guid":{"rendered":"https:\/\/www.fisifvg.org\/?p=75015"},"modified":"2021-02-03T13:38:24","modified_gmt":"2021-02-03T12:38:24","slug":"ai-mondiali-di-bob-ci-saranno-i-pordenonesi-variola-e-ughi","status":"publish","type":"post","link":"https:\/\/comitati.fisi.org\/friuli-venezia-giulia\/blog\/2021\/02\/03\/ai-mondiali-di-bob-ci-saranno-i-pordenonesi-variola-e-ughi\/","title":{"rendered":"Ai Mondiali di bob ci saranno i pordenonesi Variola e Ughi"},"content":{"rendered":"<p>Con delibera n\u00b0205 il Presidente della FISI Flavio Roda ha ufficializzato la squadra di bob su pista artificiale che prender\u00e0 parte ai Mondiali di Altenberg (Ger).<\/p>\n<p>Si tratta di sei atleti: Patrick Baumgartner, Eric Fantazzini, <strong>Mattia Variola<\/strong>, Lorenzo Bilotti,<strong> Costantino Ughi<\/strong> e Alex Verginer.<\/p>\n<p>Il programma della rassegna iridata prevede la disputa del bob a due femminile (dove l&#8217;Italia \u00e8 assente) venerd\u00ec 5 e sabato 6 febbraio, mentre sabato 6 e domenica 7 febbraio toccher\u00e0 al bob a due maschile. Qualche giorno di stacco e poi \u00e8 previsto il gran finale sabato 13 e domenica 14, quando verranno disputate le quattro manche (due per giorno) del bob a quattro.<\/p>\n","protected":false},"excerpt":{"rendered":"<p>Appuntamento in questo e nel prossimo week-end a Altenberg, in Germania<\/p>\n","protected":false},"author":4,"featured_media":71681,"comment_status":"closed","ping_status":"closed","sticky":false,"template":"","format":"standard","meta":{"_acf_changed":false,"footnotes":""},"categories":[16,17],"tags":[],"acf":[],"_links":{"self":[{"href":"https:\/\/comitati.fisi.org\/friuli-venezia-giulia\/wp-json\/wp\/v2\/posts\/75015"}],"collection":[{"href":"https:\/\/comitati.fisi.org\/friuli-venezia-giulia\/wp-json\/wp\/v2\/posts"}],"about":[{"href":"https:\/\/comitati.fisi.org\/friuli-venezia-giulia\/wp-json\/wp\/v2\/types\/post"}],"author":[{"embeddable":true,"href":"https:\/\/comitati.fisi.org\/friuli-venezia-giulia\/wp-json\/wp\/v2\/users\/4"}],"replies":[{"embeddable":true,"href":"https:\/\/comitati.fisi.org\/friuli-venezia-giulia\/wp-json\/wp\/v2\/comments?post=75015"}],"version-history":[{"count":0,"href":"https:\/\/comitati.fisi.org\/friuli-venezia-giulia\/wp-json\/wp\/v2\/posts\/75015\/revisions"}],"wp:featuredmedia":[{"embeddable":true,"href":"https:\/\/comitati.fisi.org\/friuli-venezia-giulia\/wp-json\/wp\/v2\/media\/71681"}],"wp:attachment":[{"href":"https:\/\/comitati.fisi.org\/friuli-venezia-giulia\/wp-json\/wp\/v2\/media?parent=75015"}],"wp:term":[{"taxonomy":"category","embeddable":true,"href":"https:\/\/comitati.fisi.org\/friuli-venezia-giulia\/wp-json\/wp\/v2\/categories?post=75015"},{"taxonomy":"post_tag","embeddable":true,"href":"https:\/\/comitati.fisi.org\/friuli-venezia-giulia\/wp-json\/wp\/v2\/tags?post=75015"}],"curies":[{"name":"wp","href":"https:\/\/api.w.org\/{rel}","templated":true}]}}