{"id":75006,"date":"2021-02-03T10:06:21","date_gmt":"2021-02-03T09:06:21","guid":{"rendered":"https:\/\/www.fisifvg.org\/?p=75006"},"modified":"2021-02-03T10:06:21","modified_gmt":"2021-02-03T09:06:21","slug":"posticipato-di-una-settimana-il-gran-premio-italia-maschile-di-sella-nevea","status":"publish","type":"post","link":"https:\/\/comitati.fisi.org\/friuli-venezia-giulia\/blog\/2021\/02\/03\/posticipato-di-una-settimana-il-gran-premio-italia-maschile-di-sella-nevea\/","title":{"rendered":"Posticipato di una settimana il Gran Premio Italia maschile di Sella Nevea"},"content":{"rendered":"<p>Cambiano le date della tappa del Gran Premio Italia maschile di Sella Nevea, inizialmente previsto dal 9 all&#8217;11 febbraio.<\/p>\n<p>La manifestazione, organizzata dall&#8217;US Camporosso, si disputer\u00e0 dal 16 al 19 febbraio, con l&#8217;inserimento nell&#8217;ultima giornata di un&#8217;ulteriore gara.<\/p>\n<p>Il programma prevede quindi marted\u00ec 16 le prove della discesa, mercoled\u00ec 17 prove e successivamente la gara, gioved\u00ec 18 un&#8217;altra discesa pi\u00f9 lo slalom che comporr\u00e0 la combinata alpina, venerd\u00ec 19 il superG recupero di quello non disputato a Bardonecchia.<\/p>\n","protected":false},"excerpt":{"rendered":"<p>La manifestazione, organizzata dall&#8217;US Camporosso, si disputer\u00e0 dal 16 al 19 febbraio, con l&#8217;inserimento nell&#8217;ultima giornata di un&#8217;ulteriore gara<\/p>\n","protected":false},"author":4,"featured_media":66378,"comment_status":"closed","ping_status":"closed","sticky":false,"template":"","format":"standard","meta":{"_acf_changed":false,"footnotes":""},"categories":[10,15],"tags":[],"acf":[],"_links":{"self":[{"href":"https:\/\/comitati.fisi.org\/friuli-venezia-giulia\/wp-json\/wp\/v2\/posts\/75006"}],"collection":[{"href":"https:\/\/comitati.fisi.org\/friuli-venezia-giulia\/wp-json\/wp\/v2\/posts"}],"about":[{"href":"https:\/\/comitati.fisi.org\/friuli-venezia-giulia\/wp-json\/wp\/v2\/types\/post"}],"author":[{"embeddable":true,"href":"https:\/\/comitati.fisi.org\/friuli-venezia-giulia\/wp-json\/wp\/v2\/users\/4"}],"replies":[{"embeddable":true,"href":"https:\/\/comitati.fisi.org\/friuli-venezia-giulia\/wp-json\/wp\/v2\/comments?post=75006"}],"version-history":[{"count":0,"href":"https:\/\/comitati.fisi.org\/friuli-venezia-giulia\/wp-json\/wp\/v2\/posts\/75006\/revisions"}],"wp:featuredmedia":[{"embeddable":true,"href":"https:\/\/comitati.fisi.org\/friuli-venezia-giulia\/wp-json\/wp\/v2\/media\/66378"}],"wp:attachment":[{"href":"https:\/\/comitati.fisi.org\/friuli-venezia-giulia\/wp-json\/wp\/v2\/media?parent=75006"}],"wp:term":[{"taxonomy":"category","embeddable":true,"href":"https:\/\/comitati.fisi.org\/friuli-venezia-giulia\/wp-json\/wp\/v2\/categories?post=75006"},{"taxonomy":"post_tag","embeddable":true,"href":"https:\/\/comitati.fisi.org\/friuli-venezia-giulia\/wp-json\/wp\/v2\/tags?post=75006"}],"curies":[{"name":"wp","href":"https:\/\/api.w.org\/{rel}","templated":true}]}}